{"id":3426,"date":"2025-08-18T14:26:24","date_gmt":"2025-08-18T12:26:24","guid":{"rendered":"https:\/\/new.praxamed.ch\/themenblog\/personnel-les-personnes-qui-sont-derriere\/"},"modified":"2026-02-20T09:32:40","modified_gmt":"2026-02-20T08:32:40","slug":"personnel-les-personnes-qui-sont-derriere","status":"publish","type":"post","link":"https:\/\/praxamed.ch\/fr\/themenblog\/personnel-les-personnes-qui-sont-derriere\/","title":{"rendered":"Personnel &#8211; Les personnes qui sont derri\u00e8re"},"content":{"rendered":"\t\t<div data-elementor-type=\"wp-post\" data-elementor-id=\"3426\" class=\"elementor elementor-3426 elementor-1925\" data-elementor-post-type=\"post\">\n\t\t\t\t<div class=\"elementor-element elementor-element-9c8d1cf e-flex e-con-boxed e-con e-parent\" data-id=\"9c8d1cf\" data-element_type=\"container\" data-e-type=\"container\">\n\t\t\t\t\t<div class=\"e-con-inner\">\n\t\t\t\t<div class=\"elementor-element elementor-element-d146be0 elementor-widget elementor-widget-text-editor\" data-id=\"d146be0\" data-element_type=\"widget\" data-e-type=\"widget\" data-widget_type=\"text-editor.default\">\n\t\t\t\t<div class=\"elementor-widget-container\">\n\t\t\t\t\t\t\t\t\t<h2>Bienvenue dans notre nouvelle s\u00e9rie \u00ab Personnel \u00bb<\/h2><h3>Tous les collaborateurs pr\u00e9sent\u00e9s r\u00e9pondent chacun \u00e0 6 questions tir\u00e9es d\u2019un catalogue de questions.<\/h3>\t\t\t\t\t\t\t\t<\/div>\n\t\t\t\t<\/div>\n\t\t\t\t<div class=\"elementor-element elementor-element-6094c4b elementor-widget elementor-widget-html\" data-id=\"6094c4b\" data-element_type=\"widget\" data-e-type=\"widget\" data-widget_type=\"html.default\">\n\t\t\t\t<div class=\"elementor-widget-container\">\n\t\t\t\t\t<div><a href=\"#Abanoub%20Danial\">\u2022 Abanoub Danial<\/a><\/div>\r\n<div><a href=\"#Dominik%20Balli\">\u2022 Dominik Balli<\/a><\/div>\r\n<div><a href=\"#Erwin%20Aebersold\">\u2022 Erwin Aebersold<\/a><\/div>\r\n<div><a href=\"#Fr%C3%A9d%C3%A9ric%20Stadler\">\u2022 Fr\u00e9d\u00e9ric Stadler<\/a><\/div>\r\n<div><a href=\"#Lea%20Simm\">\u2022 Lea Simm<\/a><\/div>\r\n<div><a href=\"#Manuela%20Weber\">\u2022 Manuela Weber<\/a><\/div>\r\n<div><a href=\"#Marco%20R%C3%B6thlisberger\">\u2022 Marco R\u00f6thlisberger<\/a><\/div>\r\n<div><a href=\"#Monika%20Neuenschwander\">\u2022 Monika Neuenschwander<\/a><\/div>\r\n<div><a href=\"#Melanie%20Keller\">\u2022 Melanie Keller<\/a><\/div>\r\n<div><a href=\"#Sarah%20H%C3%BCsler\">\u2022 Sarah H\u00fcsler<\/a><\/div>\r\n<div><a href=\"#Sarah%20Schwab\">\u2022 Sarah Schwab<\/a><\/div>\r\n<div><a href=\"#Peter%20Sch%C3%BCpbach\">\u2022 Peter Sch\u00fcpbach<\/a><\/div>\r\n\t\t\t\t<\/div>\n\t\t\t\t<\/div>\n\t\t\t\t\t<\/div>\n\t\t\t\t<\/div>\n\t\t<div class=\"elementor-element elementor-element-3d6dd50 e-flex e-con-boxed e-con e-parent\" data-id=\"3d6dd50\" data-element_type=\"container\" data-e-type=\"container\">\n\t\t\t\t\t<div class=\"e-con-inner\">\n\t\t\t\t<div class=\"elementor-element elementor-element-8c3ad3f elementor-widget-divider--view-line elementor-widget elementor-widget-divider\" data-id=\"8c3ad3f\" data-element_type=\"widget\" data-e-type=\"widget\" data-widget_type=\"divider.default\">\n\t\t\t\t<div class=\"elementor-widget-container\">\n\t\t\t\t\t\t\t<div class=\"elementor-divider\">\n\t\t\t<span class=\"elementor-divider-separator\">\n\t\t\t\t\t\t<\/span>\n\t\t<\/div>\n\t\t\t\t\t\t<\/div>\n\t\t\t\t<\/div>\n\t\t\t\t\t<\/div>\n\t\t\t\t<\/div>\n\t\t<div class=\"elementor-element elementor-element-1ba24e4 e-flex e-con-boxed e-con e-parent\" data-id=\"1ba24e4\" data-element_type=\"container\" data-e-type=\"container\">\n\t\t\t\t\t<div class=\"e-con-inner\">\n\t\t<div class=\"elementor-element elementor-element-0ff7ea5 e-con-full e-flex e-con e-child\" data-id=\"0ff7ea5\" data-element_type=\"container\" data-e-type=\"container\">\n\t\t<div class=\"elementor-element elementor-element-1a1f5ee e-grid e-con-full e-con e-child\" data-id=\"1a1f5ee\" data-element_type=\"container\" data-e-type=\"container\">\n\t\t\t\t<div class=\"elementor-element elementor-element-c8102db elementor-widget elementor-widget-text-editor\" data-id=\"c8102db\" data-element_type=\"widget\" data-e-type=\"widget\" id=\"Abanoub Danial\" data-widget_type=\"text-editor.default\">\n\t\t\t\t<div class=\"elementor-widget-container\">\n\t\t\t\t\t\t\t\t\t<h2 id=\"abanoub-danial\" class=\"_mPS2id-t mPS2id-target mPS2id-target-first mPS2id-target-last\">Abanoub Danial<\/h2><p>Gestion de projet Centre de m\u00e9decine de famille Orpund AG, Praxis Stiglimatt AG (Lyss), Cabinet de m\u00e9decine de famille Kerns AG, Centre m\u00e9dical Praxis 1 AG (M\u00fcnsingen), Lindenpraxis AG (Utzenstorf), Centre de sant\u00e9 Sattel GmbH, Centre m\u00e9dical Unter\u00e4geri AG<\/p>\t\t\t\t\t\t\t\t<\/div>\n\t\t\t\t<\/div>\n\t\t\t\t<div class=\"elementor-element elementor-element-0a0789b elementor-widget elementor-widget-image\" data-id=\"0a0789b\" data-element_type=\"widget\" data-e-type=\"widget\" data-widget_type=\"image.default\">\n\t\t\t\t<div class=\"elementor-widget-container\">\n\t\t\t\t\t\t\t\t\t\t\t\t\t\t\t<img decoding=\"async\" src=\"https:\/\/praxamed.ch\/wp-content\/uploads\/abi-persoenlich.webp\" title=\"Abi Danial pers\u00f6nlich praxamed\" alt=\"Abi Danial pers\u00f6nlich praxamed\" loading=\"lazy\" \/>\t\t\t\t\t\t\t\t\t\t\t\t\t\t\t<\/div>\n\t\t\t\t<\/div>\n\t\t\t\t<\/div>\n\t\t\t\t<\/div>\n\t\t\t\t\t<\/div>\n\t\t\t\t<\/div>\n\t\t<div class=\"elementor-element elementor-element-5e9e38d e-flex e-con-boxed e-con e-parent\" data-id=\"5e9e38d\" data-element_type=\"container\" data-e-type=\"container\">\n\t\t\t\t\t<div class=\"e-con-inner\">\n\t\t<div class=\"elementor-element elementor-element-968f1d4 e-con-full e-flex e-con e-child\" data-id=\"968f1d4\" data-element_type=\"container\" data-e-type=\"container\">\n\t\t\t\t<div class=\"elementor-element elementor-element-aa87ef1 elementor-widget elementor-widget-text-editor\" data-id=\"aa87ef1\" data-element_type=\"widget\" data-e-type=\"widget\" data-widget_type=\"text-editor.default\">\n\t\t\t\t<div class=\"elementor-widget-container\">\n\t\t\t\t\t\t\t\t\t<p><strong>Qu\u2019est-ce qui te pla\u00eet particuli\u00e8rement dans ton travail de gestion de projet ?<\/strong><\/p><p>Ce qui me pla\u00eet beaucoup, c\u2019est que je ne sais jamais exactement \u00e0 quoi m\u2019attendre dans mon travail. Chaque projet est unique et les conditions sont tr\u00e8s diff\u00e9rentes d\u2019un canton \u00e0 l\u2019autre. J\u2019aime beaucoup accompagner un projet d\u00e8s le d\u00e9but, de l\u2019\u00e9tude de faisabilit\u00e9 \u00e0 la mise en \u0153uvre concr\u00e8te et \u00e0 l\u2019engagement des collaborateurs. Mon activit\u00e9 exige aussi beaucoup d\u2019habilet\u00e9 entrepreneuriale.   <\/p>\t\t\t\t\t\t\t\t<\/div>\n\t\t\t\t<\/div>\n\t\t\t\t<\/div>\n\t\t<div class=\"elementor-element elementor-element-d5e9d34 e-con-full e-flex e-con e-child\" data-id=\"d5e9d34\" data-element_type=\"container\" data-e-type=\"container\">\n\t\t\t\t<div class=\"elementor-element elementor-element-1893d0d elementor-widget elementor-widget-text-editor\" data-id=\"1893d0d\" data-element_type=\"widget\" data-e-type=\"widget\" data-widget_type=\"text-editor.default\">\n\t\t\t\t<div class=\"elementor-widget-container\">\n\t\t\t\t\t\t\t\t\t<p><strong>Quel a \u00e9t\u00e9 ton projet le plus passionnant jusqu\u2019\u00e0 pr\u00e9sent ?<\/strong><\/p><p>Un projet tr\u00e8s passionnant a eu lieu \u00e0 Sattel (SZ). Le Dr Hugo Brunner a quitt\u00e9 son cabinet pour des raisons d\u2019\u00e2ge et l\u2019ancien cabinet devait \u00eatre d\u00e9moli et un nouveau b\u00e2timent \u00e9rig\u00e9 au m\u00eame endroit. Afin de pouvoir assurer la continuit\u00e9 des soins aux patients, une solution provisoire sous forme de conteneur a \u00e9t\u00e9 choisie et mise en \u0153uvre pour les soins aux patients.  <\/p>\t\t\t\t\t\t\t\t<\/div>\n\t\t\t\t<\/div>\n\t\t\t\t<\/div>\n\t\t<div class=\"elementor-element elementor-element-626bf6a e-con-full e-flex e-con e-child\" data-id=\"626bf6a\" data-element_type=\"container\" data-e-type=\"container\">\n\t\t\t\t<div class=\"elementor-element elementor-element-2cd7b4c elementor-widget elementor-widget-text-editor\" data-id=\"2cd7b4c\" data-element_type=\"widget\" data-e-type=\"widget\" data-widget_type=\"text-editor.default\">\n\t\t\t\t<div class=\"elementor-widget-container\">\n\t\t\t\t\t\t\t\t\t<p><strong>Avec quelle devise abordes-tu les nouveaux d\u00e9fis ?<\/strong><\/p><p> Nous ne vainquons pas la montagne, mais nous nous vainquons nous-m\u00eames. <em>(Sir Edmund Hillary)<\/em><\/p>\t\t\t\t\t\t\t\t<\/div>\n\t\t\t\t<\/div>\n\t\t\t\t<\/div>\n\t\t<div class=\"elementor-element elementor-element-f03dec9 e-con-full e-flex e-con e-child\" data-id=\"f03dec9\" data-element_type=\"container\" data-e-type=\"container\">\n\t\t\t\t<div class=\"elementor-element elementor-element-3d6e6cb elementor-widget elementor-widget-text-editor\" data-id=\"3d6e6cb\" data-element_type=\"widget\" data-e-type=\"widget\" data-widget_type=\"text-editor.default\">\n\t\t\t\t<div class=\"elementor-widget-container\">\n\t\t\t\t\t\t\t\t\t<p><strong>Que fais-tu pour te d\u00e9tendre apr\u00e8s le travail ?<\/strong><\/p><p>Passer du temps avec ma famille, faire des activit\u00e9s en plein air, aller \u00e0 la salle de sport.<\/p>\t\t\t\t\t\t\t\t<\/div>\n\t\t\t\t<\/div>\n\t\t\t\t<\/div>\n\t\t<div class=\"elementor-element elementor-element-1dbae5a e-con-full e-flex e-con e-child\" data-id=\"1dbae5a\" data-element_type=\"container\" data-e-type=\"container\">\n\t\t\t\t<div class=\"elementor-element elementor-element-484dfb4 elementor-widget elementor-widget-text-editor\" data-id=\"484dfb4\" data-element_type=\"widget\" data-e-type=\"widget\" data-widget_type=\"text-editor.default\">\n\t\t\t\t<div class=\"elementor-widget-container\">\n\t\t\t\t\t\t\t\t\t<p><strong>De quoi es-tu particuli\u00e8rement fier dans ton travail ?<\/strong><\/p><p>D\u2019avoir la confiance des clientes et des clients.<\/p>\t\t\t\t\t\t\t\t<\/div>\n\t\t\t\t<\/div>\n\t\t\t\t<\/div>\n\t\t<div class=\"elementor-element elementor-element-1de51a3 e-con-full e-flex e-con e-child\" data-id=\"1de51a3\" data-element_type=\"container\" data-e-type=\"container\">\n\t\t\t\t<div class=\"elementor-element elementor-element-4836b63 elementor-widget elementor-widget-text-editor\" data-id=\"4836b63\" data-element_type=\"widget\" data-e-type=\"widget\" data-widget_type=\"text-editor.default\">\n\t\t\t\t<div class=\"elementor-widget-container\">\n\t\t\t\t\t\t\t\t\t<p><strong>Qu\u2019est-ce qui te rend vraiment reconnaissant en ce moment ?<\/strong><\/p><p>De pouvoir passer du temps avec ma famille.<\/p>\t\t\t\t\t\t\t\t<\/div>\n\t\t\t\t<\/div>\n\t\t\t\t<\/div>\n\t\t\t\t<div class=\"elementor-element elementor-element-2ffe1fc elementor-widget-divider--view-line elementor-widget elementor-widget-divider\" data-id=\"2ffe1fc\" data-element_type=\"widget\" data-e-type=\"widget\" data-widget_type=\"divider.default\">\n\t\t\t\t<div class=\"elementor-widget-container\">\n\t\t\t\t\t\t\t<div class=\"elementor-divider\">\n\t\t\t<span class=\"elementor-divider-separator\">\n\t\t\t\t\t\t<\/span>\n\t\t<\/div>\n\t\t\t\t\t\t<\/div>\n\t\t\t\t<\/div>\n\t\t\t\t\t<\/div>\n\t\t\t\t<\/div>\n\t\t<div class=\"elementor-element elementor-element-4a5da7a e-flex e-con-boxed e-con e-parent\" data-id=\"4a5da7a\" data-element_type=\"container\" data-e-type=\"container\">\n\t\t\t\t\t<div class=\"e-con-inner\">\n\t\t<div class=\"elementor-element elementor-element-bfadd38 e-grid e-con-full e-con e-child\" data-id=\"bfadd38\" data-element_type=\"container\" data-e-type=\"container\" id=\"Dominik Balli\">\n\t\t\t\t<div class=\"elementor-element elementor-element-b69b32a elementor-widget elementor-widget-text-editor\" data-id=\"b69b32a\" data-element_type=\"widget\" data-e-type=\"widget\" data-widget_type=\"text-editor.default\">\n\t\t\t\t<div class=\"elementor-widget-container\">\n\t\t\t\t\t\t\t\t\t<h2 id=\"abanoub-danial\" class=\"_mPS2id-t mPS2id-target mPS2id-target-first mPS2id-target-last\">Dominik Balli<\/h2><p>Gestion de projet \u2013 cr\u00e9ation de nouveaux centres, entre autres dans les r\u00e9gions de Berne, Zurich et Lucerne.<\/p>\t\t\t\t\t\t\t\t<\/div>\n\t\t\t\t<\/div>\n\t\t\t\t<div class=\"elementor-element elementor-element-523482b elementor-widget elementor-widget-image\" data-id=\"523482b\" data-element_type=\"widget\" data-e-type=\"widget\" data-widget_type=\"image.default\">\n\t\t\t\t<div class=\"elementor-widget-container\">\n\t\t\t\t\t\t\t\t\t\t\t\t\t\t\t<img decoding=\"async\" src=\"https:\/\/praxamed.ch\/wp-content\/uploads\/nik-persoenlich-praxamed.webp\" title=\"nik persoenlich praxamed\" alt=\"nik persoenlich praxamed\" loading=\"lazy\" \/>\t\t\t\t\t\t\t\t\t\t\t\t\t\t\t<\/div>\n\t\t\t\t<\/div>\n\t\t\t\t<\/div>\n\t\t\t\t\t<\/div>\n\t\t\t\t<\/div>\n\t\t<div class=\"elementor-element elementor-element-16aad91 e-flex e-con-boxed e-con e-parent\" data-id=\"16aad91\" data-element_type=\"container\" data-e-type=\"container\">\n\t\t\t\t\t<div class=\"e-con-inner\">\n\t\t<div class=\"elementor-element elementor-element-418c852 e-con-full e-flex e-con e-child\" data-id=\"418c852\" data-element_type=\"container\" data-e-type=\"container\">\n\t\t\t\t<div class=\"elementor-element elementor-element-58a2161 elementor-widget elementor-widget-text-editor\" data-id=\"58a2161\" data-element_type=\"widget\" data-e-type=\"widget\" data-widget_type=\"text-editor.default\">\n\t\t\t\t<div class=\"elementor-widget-container\">\n\t\t\t\t\t\t\t\t\t<p><strong>Qu\u2019est-ce qui te pla\u00eet particuli\u00e8rement dans ton travail de gestion de projet ?<\/strong><\/p><p>L\u2019une de mes grandes passions est de cr\u00e9er quelque chose de nouveau, et la cr\u00e9ation d\u2019un centre m\u00e9dical est comme une start-up dans l\u2019industrie. La cr\u00e9ation d\u2019un centre m\u00e9dical n\u00e9cessite un m\u00e9lange unique d\u2019esprit d\u2019entreprise, de talent d\u2019organisation, de cr\u00e9ativit\u00e9 et de capacit\u00e9 \u00e0 collaborer avec diff\u00e9rents professionnels. Dans ce contexte, j\u2019appr\u00e9cie beaucoup le travail ind\u00e9pendant et les \u00e9changes avec de nombreuses nouvelles personnes passionnantes.  <\/p>\t\t\t\t\t\t\t\t<\/div>\n\t\t\t\t<\/div>\n\t\t\t\t<\/div>\n\t\t<div class=\"elementor-element elementor-element-f0d307d e-con-full e-flex e-con e-child\" data-id=\"f0d307d\" data-element_type=\"container\" data-e-type=\"container\">\n\t\t\t\t<div class=\"elementor-element elementor-element-da256ee elementor-widget elementor-widget-text-editor\" data-id=\"da256ee\" data-element_type=\"widget\" data-e-type=\"widget\" data-widget_type=\"text-editor.default\">\n\t\t\t\t<div class=\"elementor-widget-container\">\n\t\t\t\t\t\t\t\t\t<p><strong>Avec quelle devise abordes-tu les nouveaux d\u00e9fis ?<\/strong><\/p><p> <em> \u00ab Mieux vaut \u00eatre \u00e0 peu pr\u00e8s juste qu\u2019exactement faux \u00bb<\/em>. J\u2019essaie toujours de comprendre d\u2019abord la grande image \u00ab big picture \u00bb avant de m\u2019occuper des d\u00e9tails. Je pense que cela permet de s\u2019assurer que les points essentiels et les principaux moteurs d\u2019un mod\u00e8le d\u2019entreprise sont compris, et cela aide certainement \u00e0 fixer correctement les priorit\u00e9s et \u00e0 garder en vue les aspects essentiels et les risques d\u2019un projet.  <\/p>\t\t\t\t\t\t\t\t<\/div>\n\t\t\t\t<\/div>\n\t\t\t\t<\/div>\n\t\t<div class=\"elementor-element elementor-element-027abc5 e-con-full e-flex e-con e-child\" data-id=\"027abc5\" data-element_type=\"container\" data-e-type=\"container\">\n\t\t\t\t<div class=\"elementor-element elementor-element-8da8a4a elementor-widget elementor-widget-text-editor\" data-id=\"8da8a4a\" data-element_type=\"widget\" data-e-type=\"widget\" data-widget_type=\"text-editor.default\">\n\t\t\t\t<div class=\"elementor-widget-container\">\n\t\t\t\t\t\t\t\t\t<p><strong>Un fait amusant \u00e0 ton sujet que la plupart des gens ignorent.<\/strong><\/p><p>Autrefois, lors des matches de football importants, je devais d\u2019abord mettre ma chaussure de football droite et la lacer<\/p>\t\t\t\t\t\t\t\t<\/div>\n\t\t\t\t<\/div>\n\t\t\t\t<\/div>\n\t\t<div class=\"elementor-element elementor-element-4604dd9 e-con-full e-flex e-con e-child\" data-id=\"4604dd9\" data-element_type=\"container\" data-e-type=\"container\">\n\t\t\t\t<div class=\"elementor-element elementor-element-ddff602 elementor-widget elementor-widget-text-editor\" data-id=\"ddff602\" data-element_type=\"widget\" data-e-type=\"widget\" data-widget_type=\"text-editor.default\">\n\t\t\t\t<div class=\"elementor-widget-container\">\n\t\t\t\t\t\t\t\t\t<p><strong>Qu\u2019est-ce qui te rend vraiment reconnaissant en ce moment ?<\/strong><\/p><p>Le fait que tous mes proches soient actuellement en bonne sant\u00e9.<\/p>\t\t\t\t\t\t\t\t<\/div>\n\t\t\t\t<\/div>\n\t\t\t\t<\/div>\n\t\t<div class=\"elementor-element elementor-element-2a4ebf6 e-con-full e-flex e-con e-child\" data-id=\"2a4ebf6\" data-element_type=\"container\" data-e-type=\"container\">\n\t\t\t\t<div class=\"elementor-element elementor-element-1c3727d elementor-widget elementor-widget-text-editor\" data-id=\"1c3727d\" data-element_type=\"widget\" data-e-type=\"widget\" data-widget_type=\"text-editor.default\">\n\t\t\t\t<div class=\"elementor-widget-container\">\n\t\t\t\t\t\t\t\t\t<p><strong>Quels sont tes hobbies ?<\/strong><\/p><p>Le football m\u2019a accompagn\u00e9 toute ma vie et depuis quelques ann\u00e9es, je joue r\u00e9guli\u00e8rement au tennis. En outre, je m\u2019entra\u00eene au centre de fitness et le soir, j\u2019appr\u00e9cie les discussions passionnantes autour d\u2019un verre de vin rouge. <\/p>\t\t\t\t\t\t\t\t<\/div>\n\t\t\t\t<\/div>\n\t\t\t\t<\/div>\n\t\t<div class=\"elementor-element elementor-element-579d48c e-con-full e-flex e-con e-child\" data-id=\"579d48c\" data-element_type=\"container\" data-e-type=\"container\">\n\t\t\t\t<div class=\"elementor-element elementor-element-2e31dec elementor-widget elementor-widget-text-editor\" data-id=\"2e31dec\" data-element_type=\"widget\" data-e-type=\"widget\" data-widget_type=\"text-editor.default\">\n\t\t\t\t<div class=\"elementor-widget-container\">\n\t\t\t\t\t\t\t\t\t<p><strong>Mauvaise humeur matinale ou d\u00e9j\u00e0 en forme comme une basket ? Dis-nous quel est ton rituel matinal pour te r\u00e9veiller <\/strong><\/p><p>Ni l\u2019un ni l\u2019autre\u2026 mais apr\u00e8s avoir bu quelques expressos et regard\u00e9 ce que le monde a fait pendant la nuit, je me sens en pleine forme . <img decoding=\"async\" class=\"emoji\" role=\"img\" draggable=\"false\" src=\"https:\/\/s.w.org\/images\/core\/emoji\/15.0.3\/svg\/1f609.svg\" alt=\"\ud83d\ude09\"> <\/p>\t\t\t\t\t\t\t\t<\/div>\n\t\t\t\t<\/div>\n\t\t\t\t<\/div>\n\t\t\t\t<div class=\"elementor-element elementor-element-f2d1bb1 elementor-widget-divider--view-line elementor-widget elementor-widget-divider\" data-id=\"f2d1bb1\" data-element_type=\"widget\" data-e-type=\"widget\" data-widget_type=\"divider.default\">\n\t\t\t\t<div class=\"elementor-widget-container\">\n\t\t\t\t\t\t\t<div class=\"elementor-divider\">\n\t\t\t<span class=\"elementor-divider-separator\">\n\t\t\t\t\t\t<\/span>\n\t\t<\/div>\n\t\t\t\t\t\t<\/div>\n\t\t\t\t<\/div>\n\t\t\t\t\t<\/div>\n\t\t\t\t<\/div>\n\t\t<div class=\"elementor-element elementor-element-73da183 e-flex e-con-boxed e-con e-parent\" data-id=\"73da183\" data-element_type=\"container\" data-e-type=\"container\">\n\t\t\t\t\t<div class=\"e-con-inner\">\n\t\t<div class=\"elementor-element elementor-element-a5c05cb e-grid e-con-full e-con e-child\" data-id=\"a5c05cb\" data-element_type=\"container\" data-e-type=\"container\" id=\"Erwin Aebersold\">\n\t\t\t\t<div class=\"elementor-element elementor-element-d856101 elementor-widget elementor-widget-text-editor\" data-id=\"d856101\" data-element_type=\"widget\" data-e-type=\"widget\" data-widget_type=\"text-editor.default\">\n\t\t\t\t<div class=\"elementor-widget-container\">\n\t\t\t\t\t\t\t\t\t<h2 id=\"abanoub-danial\" class=\"_mPS2id-t mPS2id-target mPS2id-target-first mPS2id-target-last\">Erwin Aebersold<\/h2><p>Associ\u00e9, membre du conseil d&rsquo;administration, directeur financier<\/p>\t\t\t\t\t\t\t\t<\/div>\n\t\t\t\t<\/div>\n\t\t\t\t<div class=\"elementor-element elementor-element-e15da33 elementor-widget elementor-widget-image\" data-id=\"e15da33\" data-element_type=\"widget\" data-e-type=\"widget\" data-widget_type=\"image.default\">\n\t\t\t\t<div class=\"elementor-widget-container\">\n\t\t\t\t\t\t\t\t\t\t\t\t\t\t\t<img decoding=\"async\" src=\"https:\/\/praxamed.ch\/wp-content\/uploads\/Erwin-Aebersold-persoenlich-praxamed.webp\" title=\"Erwin-Aebersold-pers\u00f6nlich-praxamed\" alt=\"#image_title\" loading=\"lazy\" \/>\t\t\t\t\t\t\t\t\t\t\t\t\t\t\t<\/div>\n\t\t\t\t<\/div>\n\t\t\t\t<\/div>\n\t\t\t\t\t<\/div>\n\t\t\t\t<\/div>\n\t\t<div class=\"elementor-element elementor-element-28c822e e-flex e-con-boxed e-con e-parent\" data-id=\"28c822e\" data-element_type=\"container\" data-e-type=\"container\">\n\t\t\t\t\t<div class=\"e-con-inner\">\n\t\t<div class=\"elementor-element elementor-element-5e6b639 e-con-full e-flex e-con e-child\" data-id=\"5e6b639\" data-element_type=\"container\" data-e-type=\"container\">\n\t\t\t\t<div class=\"elementor-element elementor-element-7af17c1 elementor-widget elementor-widget-text-editor\" data-id=\"7af17c1\" data-element_type=\"widget\" data-e-type=\"widget\" data-widget_type=\"text-editor.default\">\n\t\t\t\t<div class=\"elementor-widget-container\">\n\t\t\t\t\t\t\t\t\t<p><strong>Qu&rsquo;est-ce qui te pla\u00eet particuli\u00e8rement dans ton travail chez PraxaMed Center AG ?<\/strong><\/p><p>Les d\u00e9fis que je rel\u00e8ve en tant que directeur financier chez PraxaMed Center AG sont extr\u00eamement passionnants. Les activit\u00e9s sont tr\u00e8s vari\u00e9es et passionnantes, tant au niveau strat\u00e9gique qu&rsquo;op\u00e9rationnel. <\/p>\t\t\t\t\t\t\t\t<\/div>\n\t\t\t\t<\/div>\n\t\t\t\t<\/div>\n\t\t<div class=\"elementor-element elementor-element-dc600bf e-con-full e-flex e-con e-child\" data-id=\"dc600bf\" data-element_type=\"container\" data-e-type=\"container\">\n\t\t\t\t<div class=\"elementor-element elementor-element-8ff1405 elementor-widget elementor-widget-text-editor\" data-id=\"8ff1405\" data-element_type=\"widget\" data-e-type=\"widget\" data-widget_type=\"text-editor.default\">\n\t\t\t\t<div class=\"elementor-widget-container\">\n\t\t\t\t\t\t\t\t\t<p><strong>Quel a \u00e9t\u00e9 ton projet le plus passionnant jusqu\u2019\u00e0 pr\u00e9sent ?<\/strong><\/p><p>La pr\u00e9sentation de PraxaMed Center AG lors du Global CFO Excellence Award 2024.<\/p>\t\t\t\t\t\t\t\t<\/div>\n\t\t\t\t<\/div>\n\t\t\t\t<\/div>\n\t\t<div class=\"elementor-element elementor-element-0996bab e-con-full e-flex e-con e-child\" data-id=\"0996bab\" data-element_type=\"container\" data-e-type=\"container\">\n\t\t\t\t<div class=\"elementor-element elementor-element-346da76 elementor-widget elementor-widget-text-editor\" data-id=\"346da76\" data-element_type=\"widget\" data-e-type=\"widget\" data-widget_type=\"text-editor.default\">\n\t\t\t\t<div class=\"elementor-widget-container\">\n\t\t\t\t\t\t\t\t\t<p><strong>Avec quelle devise abordes-tu les nouveaux d\u00e9fis ?<\/strong><\/p><p>M\u00eame avec un MBA et des d\u00e9cennies d&rsquo;exp\u00e9rience professionnelle, l&rsquo;apprentissage tout au long de la vie reste pr\u00e9cieux.<\/p>\t\t\t\t\t\t\t\t<\/div>\n\t\t\t\t<\/div>\n\t\t\t\t<\/div>\n\t\t<div class=\"elementor-element elementor-element-ec5e79a e-con-full e-flex e-con e-child\" data-id=\"ec5e79a\" data-element_type=\"container\" data-e-type=\"container\">\n\t\t\t\t<div class=\"elementor-element elementor-element-9a9f608 elementor-widget elementor-widget-text-editor\" data-id=\"9a9f608\" data-element_type=\"widget\" data-e-type=\"widget\" data-widget_type=\"text-editor.default\">\n\t\t\t\t<div class=\"elementor-widget-container\">\n\t\t\t\t\t\t\t\t\t<p><strong>Que fais-tu pour te d\u00e9tendre apr\u00e8s le travail ?<\/strong><\/p><p>Je profite du temps pass\u00e9 en famille dans la nature.<\/p>\t\t\t\t\t\t\t\t<\/div>\n\t\t\t\t<\/div>\n\t\t\t\t<\/div>\n\t\t<div class=\"elementor-element elementor-element-3bb07e9 e-con-full e-flex e-con e-child\" data-id=\"3bb07e9\" data-element_type=\"container\" data-e-type=\"container\">\n\t\t\t\t<div class=\"elementor-element elementor-element-98f62e7 elementor-widget elementor-widget-text-editor\" data-id=\"98f62e7\" data-element_type=\"widget\" data-e-type=\"widget\" data-widget_type=\"text-editor.default\">\n\t\t\t\t<div class=\"elementor-widget-container\">\n\t\t\t\t\t\t\t\t\t<p><strong>Qu&rsquo;est-ce qui te motive chaque jour ?<\/strong><\/p><p>Ma famille internationale avec mes deux filles qui parlent et \u00e9crivent parfaitement le chinois, les commentaires des employ\u00e9s et des clients, ainsi que les \u00e9changes avec plus de 12 000 contacts LinkedIn.<\/p>\t\t\t\t\t\t\t\t<\/div>\n\t\t\t\t<\/div>\n\t\t\t\t<\/div>\n\t\t<div class=\"elementor-element elementor-element-7821e3b e-con-full e-flex e-con e-child\" data-id=\"7821e3b\" data-element_type=\"container\" data-e-type=\"container\">\n\t\t\t\t<div class=\"elementor-element elementor-element-016a2fc elementor-widget elementor-widget-text-editor\" data-id=\"016a2fc\" data-element_type=\"widget\" data-e-type=\"widget\" data-widget_type=\"text-editor.default\">\n\t\t\t\t<div class=\"elementor-widget-container\">\n\t\t\t\t\t\t\t\t\t<p><strong>Un fait amusant \u00e0 ton sujet que la plupart des gens ignorent.<\/strong><\/p><p>J&rsquo;ai particip\u00e9 avec succ\u00e8s \u00e0 un triathlon Ironman en Allemagne et au marathon de New York, et j&rsquo;ai voyag\u00e9 dans plus de 45 pays.<\/p>\t\t\t\t\t\t\t\t<\/div>\n\t\t\t\t<\/div>\n\t\t\t\t<\/div>\n\t\t\t\t<div class=\"elementor-element elementor-element-bb0e318 elementor-widget-divider--view-line elementor-widget elementor-widget-divider\" data-id=\"bb0e318\" data-element_type=\"widget\" data-e-type=\"widget\" data-widget_type=\"divider.default\">\n\t\t\t\t<div class=\"elementor-widget-container\">\n\t\t\t\t\t\t\t<div class=\"elementor-divider\">\n\t\t\t<span class=\"elementor-divider-separator\">\n\t\t\t\t\t\t<\/span>\n\t\t<\/div>\n\t\t\t\t\t\t<\/div>\n\t\t\t\t<\/div>\n\t\t\t\t\t<\/div>\n\t\t\t\t<\/div>\n\t\t<div class=\"elementor-element elementor-element-819e79b e-flex e-con-boxed e-con e-parent\" data-id=\"819e79b\" data-element_type=\"container\" data-e-type=\"container\">\n\t\t\t\t\t<div class=\"e-con-inner\">\n\t\t<div class=\"elementor-element elementor-element-6e48645 e-grid e-con-full e-con e-child\" data-id=\"6e48645\" data-element_type=\"container\" data-e-type=\"container\">\n\t\t\t\t<div class=\"elementor-element elementor-element-ee5676c elementor-widget elementor-widget-text-editor\" data-id=\"ee5676c\" data-element_type=\"widget\" data-e-type=\"widget\" id=\"Fr\u00e9d\u00e9ric Stadler\" data-widget_type=\"text-editor.default\">\n\t\t\t\t<div class=\"elementor-widget-container\">\n\t\t\t\t\t\t\t\t\t<h2 id=\"abanoub-danial\" class=\"_mPS2id-t mPS2id-target mPS2id-target-first mPS2id-target-last\">Fr\u00e9d\u00e9ric Stadler<\/h2><p>Direction Suisse romande, gestion de projet de Centre m\u00e9dical de Montagny.<\/p>\t\t\t\t\t\t\t\t<\/div>\n\t\t\t\t<\/div>\n\t\t\t\t<div class=\"elementor-element elementor-element-189f973 elementor-widget elementor-widget-image\" data-id=\"189f973\" data-element_type=\"widget\" data-e-type=\"widget\" data-widget_type=\"image.default\">\n\t\t\t\t<div class=\"elementor-widget-container\">\n\t\t\t\t\t\t\t\t\t\t\t\t\t\t\t<img decoding=\"async\" src=\"https:\/\/praxamed.ch\/wp-content\/uploads\/fred-persoenlich-praxamed.webp\" title=\"fred persoenlich praxamed\" alt=\"fred persoenlich praxamed\" loading=\"lazy\" \/>\t\t\t\t\t\t\t\t\t\t\t\t\t\t\t<\/div>\n\t\t\t\t<\/div>\n\t\t\t\t<\/div>\n\t\t\t\t\t<\/div>\n\t\t\t\t<\/div>\n\t\t<div class=\"elementor-element elementor-element-5fa1b24 e-flex e-con-boxed e-con e-parent\" data-id=\"5fa1b24\" data-element_type=\"container\" data-e-type=\"container\">\n\t\t\t\t\t<div class=\"e-con-inner\">\n\t\t<div class=\"elementor-element elementor-element-34c8442 e-con-full e-flex e-con e-child\" data-id=\"34c8442\" data-element_type=\"container\" data-e-type=\"container\">\n\t\t\t\t<div class=\"elementor-element elementor-element-c16f315 elementor-widget elementor-widget-text-editor\" data-id=\"c16f315\" data-element_type=\"widget\" data-e-type=\"widget\" data-widget_type=\"text-editor.default\">\n\t\t\t\t<div class=\"elementor-widget-container\">\n\t\t\t\t\t\t\t\t\t<p><strong>Qu\u2019est-ce qui te pla\u00eet particuli\u00e8rement dans ton travail de gestion de projet ?<\/strong><\/p><p>Avec pr\u00e8s de 7 ans d\u2019exp\u00e9rience comme chef de projet pour la Suisse romande, j\u2019ai le recul suffisant pour vous dire que ce qui me pla\u00eet le plus dans mon travail, c\u2019est de concr\u00e9tiser des projets avec des personnes motiv\u00e9es et passionn\u00e9es par leurs id\u00e9es. <\/p><p>C&rsquo;est tr\u00e8s gratifiant de rencontrer des gens qui ont un r\u00eave et de les accompagner jusqu&rsquo;\u00e0 l&rsquo;ouverture de leur cabinet. Je travaille avec beaucoup de personnes diff\u00e9rentes et je peux mener un projet de bout en bout de mani\u00e8re autonome. J&rsquo;ai \u00e9galement une influence sur le travail quotidien et l&rsquo;am\u00e9lioration des cabinets. Je suis en contact permanent avec les m\u00e9decins, les collaborateurs et les partenaires. Cela nous permet de trouver des solutions ensemble. Nous voulons offrir de bons soins et une bonne ambiance de travail. Cela me rend heureuse.      <\/p>\t\t\t\t\t\t\t\t<\/div>\n\t\t\t\t<\/div>\n\t\t\t\t<\/div>\n\t\t<div class=\"elementor-element elementor-element-92911cc e-con-full e-flex e-con e-child\" data-id=\"92911cc\" data-element_type=\"container\" data-e-type=\"container\">\n\t\t\t\t<div class=\"elementor-element elementor-element-6b15167 elementor-widget elementor-widget-text-editor\" data-id=\"6b15167\" data-element_type=\"widget\" data-e-type=\"widget\" data-widget_type=\"text-editor.default\">\n\t\t\t\t<div class=\"elementor-widget-container\">\n\t\t\t\t\t\t\t\t\t<p><strong>Quel a \u00e9t\u00e9 ton projet le plus passionnant jusqu\u2019\u00e0 pr\u00e9sent ?<\/strong><\/p><p>Deux projets ont particuli\u00e8rement marqu\u00e9 mon parcours. Le premier a \u00e9t\u00e9 la cr\u00e9ation d\u2019un Centre pour adolescents \u00e0 Montreux, un r\u00eave port\u00e9 par une m\u00e9decin. Initialement, ma mission \u00e9tait de l\u2019aider \u00e0 \u00e9laborer un business plan, mais au fil des discussions, je suis devenu un acteur cl\u00e9 dans la concr\u00e9tisation de son projet, de la vision \u00e0 l\u2019ouverture du Centre Ados Riviera.  <\/p><p>Le deuxi\u00e8me projet est celui du Centre m\u00e9dical de Montagny, qui visait \u00e0 garantir des soins de proximit\u00e9 et \u00e0 assurer la succession du Dr Bersier apr\u00e8s plus de 30 ans de service. Ce projet a \u00e9t\u00e9 un v\u00e9ritable d\u00e9fi : il a fallu trouver des soutiens r\u00e9gionaux, des locaux, des m\u00e9decins et du personnel qualifi\u00e9 et le tout dans un laps de temps court. Le chemin n\u2019a pas \u00e9t\u00e9 facile, mais aujourd\u2019hui, le centre est un succ\u00e8s, avec trois m\u00e9decins, quatre assistantes et une patient\u00e8le qui ne cesse de cro\u00eetre.  <\/p>\t\t\t\t\t\t\t\t<\/div>\n\t\t\t\t<\/div>\n\t\t\t\t<\/div>\n\t\t<div class=\"elementor-element elementor-element-f2bc8c1 e-con-full e-flex e-con e-child\" data-id=\"f2bc8c1\" data-element_type=\"container\" data-e-type=\"container\">\n\t\t\t\t<div class=\"elementor-element elementor-element-c3db8cb elementor-widget elementor-widget-text-editor\" data-id=\"c3db8cb\" data-element_type=\"widget\" data-e-type=\"widget\" data-widget_type=\"text-editor.default\">\n\t\t\t\t<div class=\"elementor-widget-container\">\n\t\t\t\t\t\t\t\t\t<p><strong>Quels sont tes hobbies ?<\/strong><\/p><p>Depuis mon enfance, le sport a toujours occup\u00e9 une place importante dans ma vie. Actuellement, je pratique la course \u00e0 pied deux \u00e0 trois fois par semaine et je participe \u00e0 des trails, que ce soit pour le plaisir ou pour me vider l\u2019esprit. Mes parents m\u2019ont aussi transmis leur passion pour la voile, et l\u2019ann\u00e9e derni\u00e8re, j\u2019ai obtenu mon permis de bateau \u00e0 voile. En dehors du sport, je m\u2019int\u00e9resse particuli\u00e8rement aux nouvelles technologies, \u00e0 l\u2019univers des blockchains et au trading, qui m\u2019offrent un espace d\u2019apprentissage et d\u2019\u00e9vasion.   <\/p>\t\t\t\t\t\t\t\t<\/div>\n\t\t\t\t<\/div>\n\t\t\t\t<\/div>\n\t\t<div class=\"elementor-element elementor-element-f231818 e-con-full e-flex e-con e-child\" data-id=\"f231818\" data-element_type=\"container\" data-e-type=\"container\">\n\t\t\t\t<div class=\"elementor-element elementor-element-63a6d8a elementor-widget elementor-widget-text-editor\" data-id=\"63a6d8a\" data-element_type=\"widget\" data-e-type=\"widget\" data-widget_type=\"text-editor.default\">\n\t\t\t\t<div class=\"elementor-widget-container\">\n\t\t\t\t\t\t\t\t\t<p><strong>Quel \u00e9tait ton r\u00eave professionnel quand tu \u00e9tais enfant ?<\/strong><\/p><p>Je n\u2019\u00e9tais plus tout \u00e0 fait enfant, mais, adolescent et je m\u2019\u00e9tais dit que j\u2019allais faire biochimiste afin de trouver le vaccin contre le sida. J\u2019ai effectivement poursuivi des \u00e9tudes en biochimie, mais je n\u2019ai pas \u00e9t\u00e9 celui qui a d\u00e9couvert ce vaccin\u2026 <\/p>\t\t\t\t\t\t\t\t<\/div>\n\t\t\t\t<\/div>\n\t\t\t\t<\/div>\n\t\t<div class=\"elementor-element elementor-element-b5c2a24 e-con-full e-flex e-con e-child\" data-id=\"b5c2a24\" data-element_type=\"container\" data-e-type=\"container\">\n\t\t\t\t<div class=\"elementor-element elementor-element-114a478 elementor-widget elementor-widget-text-editor\" data-id=\"114a478\" data-element_type=\"widget\" data-e-type=\"widget\" data-widget_type=\"text-editor.default\">\n\t\t\t\t<div class=\"elementor-widget-container\">\n\t\t\t\t\t\t\t\t\t<p><strong>\u00c2 quoi pourrait ressembler ton quotidien sans travail ?<\/strong><\/p><p>Si je devais imaginer mon quotidien sans travail, je me vois soit profiter de la nature et du soleil, soit voyager \u00e0 travers le monde pour d\u00e9couvrir de nouvelles cultures.<\/p><p>Une journ\u00e9e typique commencerait probablement t\u00f4t, avec un peu de sport ou une promenade avec mon chien, avant de profiter de la journ\u00e9e pour apprendre quelque chose de nouveau ou explorer des horizons diff\u00e9rents. Voyager serait sans doute au c\u0153ur de mon quotidien. <\/p>\t\t\t\t\t\t\t\t<\/div>\n\t\t\t\t<\/div>\n\t\t\t\t<\/div>\n\t\t<div class=\"elementor-element elementor-element-22b57b0 e-con-full e-flex e-con e-child\" data-id=\"22b57b0\" data-element_type=\"container\" data-e-type=\"container\">\n\t\t\t\t<div class=\"elementor-element elementor-element-e1674da elementor-widget elementor-widget-text-editor\" data-id=\"e1674da\" data-element_type=\"widget\" data-e-type=\"widget\" data-widget_type=\"text-editor.default\">\n\t\t\t\t<div class=\"elementor-widget-container\">\n\t\t\t\t\t\t\t\t\t<p><strong>Qu\u2019est-ce qui te rend vraiment reconnaissant en ce moment ?<\/strong><\/p><p>Je suis profond\u00e9ment reconnaissant de ma bonne sant\u00e9, ainsi que de celle de ma famille et de mes proches. Ce qui me touche particuli\u00e8rement, c\u2019est d\u2019avoir St\u00e9phanie \u00e0 mes c\u00f4t\u00e9s, une personne ch\u00e8re avec qui je partage ma vie depuis d\u00e9j\u00e0 de nombreuses ann\u00e9es. <\/p>\t\t\t\t\t\t\t\t<\/div>\n\t\t\t\t<\/div>\n\t\t\t\t<\/div>\n\t\t\t\t<div class=\"elementor-element elementor-element-8fef849 elementor-widget-divider--view-line elementor-widget elementor-widget-divider\" data-id=\"8fef849\" data-element_type=\"widget\" data-e-type=\"widget\" data-widget_type=\"divider.default\">\n\t\t\t\t<div class=\"elementor-widget-container\">\n\t\t\t\t\t\t\t<div class=\"elementor-divider\">\n\t\t\t<span class=\"elementor-divider-separator\">\n\t\t\t\t\t\t<\/span>\n\t\t<\/div>\n\t\t\t\t\t\t<\/div>\n\t\t\t\t<\/div>\n\t\t\t\t\t<\/div>\n\t\t\t\t<\/div>\n\t\t<div class=\"elementor-element elementor-element-1134534 e-flex e-con-boxed e-con e-parent\" data-id=\"1134534\" data-element_type=\"container\" data-e-type=\"container\">\n\t\t\t\t\t<div class=\"e-con-inner\">\n\t\t<div class=\"elementor-element elementor-element-a0cdbe6 e-con-full e-flex e-con e-child\" data-id=\"a0cdbe6\" data-element_type=\"container\" data-e-type=\"container\">\n\t\t<div class=\"elementor-element elementor-element-8ecfd34 e-grid e-con-full e-con e-child\" data-id=\"8ecfd34\" data-element_type=\"container\" data-e-type=\"container\">\n\t\t\t\t<div class=\"elementor-element elementor-element-67d2c12 elementor-widget elementor-widget-text-editor\" data-id=\"67d2c12\" data-element_type=\"widget\" data-e-type=\"widget\" id=\"Lea Simm\" data-widget_type=\"text-editor.default\">\n\t\t\t\t<div class=\"elementor-widget-container\">\n\t\t\t\t\t\t\t\t\t<h2 id=\"abanoub-danial\" class=\"_mPS2id-t mPS2id-target mPS2id-target-first mPS2id-target-last\">Lea Simm<\/h2><p>Assistance au projet et comptabilit\u00e9, divers projets comptables, centre m\u00e9dical de Jegenstorf, projet de partage MPA.<\/p>\t\t\t\t\t\t\t\t<\/div>\n\t\t\t\t<\/div>\n\t\t\t\t<div class=\"elementor-element elementor-element-26e2b39 elementor-widget elementor-widget-image\" data-id=\"26e2b39\" data-element_type=\"widget\" data-e-type=\"widget\" data-widget_type=\"image.default\">\n\t\t\t\t<div class=\"elementor-widget-container\">\n\t\t\t\t\t\t\t\t\t\t\t\t\t\t\t<img decoding=\"async\" src=\"https:\/\/praxamed.ch\/wp-content\/uploads\/lea-persoenlich-praxamed.webp\" title=\"lea persoenlich praxamed\" alt=\"lea persoenlich praxamed\" loading=\"lazy\" \/>\t\t\t\t\t\t\t\t\t\t\t\t\t\t\t<\/div>\n\t\t\t\t<\/div>\n\t\t\t\t<\/div>\n\t\t\t\t<\/div>\n\t\t<div class=\"elementor-element elementor-element-384d042 e-con-full e-flex e-con e-child\" data-id=\"384d042\" data-element_type=\"container\" data-e-type=\"container\">\n\t\t\t\t<div class=\"elementor-element elementor-element-3c44c62 elementor-widget elementor-widget-text-editor\" data-id=\"3c44c62\" data-element_type=\"widget\" data-e-type=\"widget\" data-widget_type=\"text-editor.default\">\n\t\t\t\t<div class=\"elementor-widget-container\">\n\t\t\t\t\t\t\t\t\t<p><strong>Qu&rsquo;est-ce qui te pla\u00eet particuli\u00e8rement dans ton travail de chef de projet ?<\/strong><\/p><p>La diversit\u00e9 de ce m\u00e9tier. J&rsquo;appr\u00e9cie le contact avec les assistants m\u00e9dicaux et les m\u00e9decins. En tant qu&rsquo;ancienne assistante m\u00e9dicale, je connais les processus de travail et peux apporter mon aide dans diff\u00e9rents domaines. Cela me procure beaucoup de satisfaction.   <\/p>\t\t\t\t\t\t\t\t<\/div>\n\t\t\t\t<\/div>\n\t\t\t\t<\/div>\n\t\t<div class=\"elementor-element elementor-element-dfcbf7b e-con-full e-flex e-con e-child\" data-id=\"dfcbf7b\" data-element_type=\"container\" data-e-type=\"container\">\n\t\t\t\t<div class=\"elementor-element elementor-element-395ad7b elementor-widget elementor-widget-text-editor\" data-id=\"395ad7b\" data-element_type=\"widget\" data-e-type=\"widget\" data-widget_type=\"text-editor.default\">\n\t\t\t\t<div class=\"elementor-widget-container\">\n\t\t\t\t\t\t\t\t\t<p><strong>Avec quelle devise abordes-tu les nouveaux d\u00e9fis ?<\/strong><\/p><p><em>\u00ab Les d\u00e9fis sont des opportunit\u00e9s d\u00e9guis\u00e9es. \u00bb <\/em>Je vois dans chaque d\u00e9fi une occasion de grandir, d&rsquo;apprendre et de m&rsquo;am\u00e9liorer.<\/p>\t\t\t\t\t\t\t\t<\/div>\n\t\t\t\t<\/div>\n\t\t\t\t<\/div>\n\t\t<div class=\"elementor-element elementor-element-93c5f8e e-con-full e-flex e-con e-child\" data-id=\"93c5f8e\" data-element_type=\"container\" data-e-type=\"container\">\n\t\t\t\t<div class=\"elementor-element elementor-element-8ceeb44 elementor-widget elementor-widget-text-editor\" data-id=\"8ceeb44\" data-element_type=\"widget\" data-e-type=\"widget\" data-widget_type=\"text-editor.default\">\n\t\t\t\t<div class=\"elementor-widget-container\">\n\t\t\t\t\t\t\t\t\t<p><strong>Que fais-tu pour te d\u00e9tendre apr\u00e8s le travail ?<\/strong><\/p><p>Une promenade avec ma chienne Nala.<\/p>\t\t\t\t\t\t\t\t<\/div>\n\t\t\t\t<\/div>\n\t\t\t\t<\/div>\n\t\t<div class=\"elementor-element elementor-element-22fab47 e-con-full e-flex e-con e-child\" data-id=\"22fab47\" data-element_type=\"container\" data-e-type=\"container\">\n\t\t\t\t<div class=\"elementor-element elementor-element-400335d elementor-widget elementor-widget-text-editor\" data-id=\"400335d\" data-element_type=\"widget\" data-e-type=\"widget\" data-widget_type=\"text-editor.default\">\n\t\t\t\t<div class=\"elementor-widget-container\">\n\t\t\t\t\t\t\t\t\t<p><strong>Imagine que tu aies du talent pour tous les m\u00e9tiers du monde. Que ferais-tu et o\u00f9 travaillerais-tu ? <\/strong><\/p><p>J&rsquo;aimerais avoir un travail qui me permette de travailler ind\u00e9pendamment du lieu o\u00f9 je me trouve. Je pourrais ainsi voyager \u00e0 travers le monde en camping-car tout en travaillant. <\/p>\t\t\t\t\t\t\t\t<\/div>\n\t\t\t\t<\/div>\n\t\t\t\t<\/div>\n\t\t<div class=\"elementor-element elementor-element-f165b12 e-con-full e-flex e-con e-child\" data-id=\"f165b12\" data-element_type=\"container\" data-e-type=\"container\">\n\t\t\t\t<div class=\"elementor-element elementor-element-9ffc945 elementor-widget elementor-widget-text-editor\" data-id=\"9ffc945\" data-element_type=\"widget\" data-e-type=\"widget\" data-widget_type=\"text-editor.default\">\n\t\t\t\t<div class=\"elementor-widget-container\">\n\t\t\t\t\t\t\t\t\t<p><strong>Quels sont tes hobbies ?<\/strong><\/p><p>J&rsquo;aime passer du temps avec ma famille et \u00eatre entour\u00e9 d&rsquo;amis. Outre Nala, le Crossfit\/Hyrox me permet de rester en forme. <\/p>\t\t\t\t\t\t\t\t<\/div>\n\t\t\t\t<\/div>\n\t\t\t\t<\/div>\n\t\t<div class=\"elementor-element elementor-element-ee1c8d0 e-con-full e-flex e-con e-child\" data-id=\"ee1c8d0\" data-element_type=\"container\" data-e-type=\"container\">\n\t\t\t\t<div class=\"elementor-element elementor-element-039e02e elementor-widget elementor-widget-text-editor\" data-id=\"039e02e\" data-element_type=\"widget\" data-e-type=\"widget\" data-widget_type=\"text-editor.default\">\n\t\t\t\t<div class=\"elementor-widget-container\">\n\t\t\t\t\t\t\t\t\t<p><strong>Quel gadget ou appareil t&rsquo;est indispensable au travail ou dans ta vie priv\u00e9e ?<\/strong><\/p><p>Mon t\u00e9l\u00e9phone portable, tant pour le travail que pour ma vie priv\u00e9e. Que ce soit pour communiquer ou pour organiser mes rendez-vous. <\/p>\t\t\t\t\t\t\t\t<\/div>\n\t\t\t\t<\/div>\n\t\t\t\t<\/div>\n\t\t\t\t<div class=\"elementor-element elementor-element-ede48c0 elementor-widget-divider--view-line elementor-widget elementor-widget-divider\" data-id=\"ede48c0\" data-element_type=\"widget\" data-e-type=\"widget\" data-widget_type=\"divider.default\">\n\t\t\t\t<div class=\"elementor-widget-container\">\n\t\t\t\t\t\t\t<div class=\"elementor-divider\">\n\t\t\t<span class=\"elementor-divider-separator\">\n\t\t\t\t\t\t<\/span>\n\t\t<\/div>\n\t\t\t\t\t\t<\/div>\n\t\t\t\t<\/div>\n\t\t\t\t\t<\/div>\n\t\t\t\t<\/div>\n\t\t<div class=\"elementor-element elementor-element-ae2dddd e-flex e-con-boxed e-con e-parent\" data-id=\"ae2dddd\" data-element_type=\"container\" data-e-type=\"container\" id=\"Manuele Weber\">\n\t\t\t\t\t<div class=\"e-con-inner\">\n\t\t<div class=\"elementor-element elementor-element-2aa3f26 e-con-full e-flex e-con e-child\" data-id=\"2aa3f26\" data-element_type=\"container\" data-e-type=\"container\">\n\t\t<div class=\"elementor-element elementor-element-c275e74 e-grid e-con-full e-con e-child\" data-id=\"c275e74\" data-element_type=\"container\" data-e-type=\"container\">\n\t\t\t\t<div class=\"elementor-element elementor-element-ebeb226 elementor-widget elementor-widget-text-editor\" data-id=\"ebeb226\" data-element_type=\"widget\" data-e-type=\"widget\" data-widget_type=\"text-editor.default\">\n\t\t\t\t<div class=\"elementor-widget-container\">\n\t\t\t\t\t\t\t\t\t<h2 id=\"abanoub-danial\" class=\"_mPS2id-t mPS2id-target mPS2id-target-first mPS2id-target-last\">Manuela Weber<\/h2><p>Collaboratrice au service comptabilit\u00e9 et finances<\/p>\t\t\t\t\t\t\t\t<\/div>\n\t\t\t\t<\/div>\n\t\t\t\t<div class=\"elementor-element elementor-element-986ecce elementor-widget elementor-widget-image\" data-id=\"986ecce\" data-element_type=\"widget\" data-e-type=\"widget\" data-widget_type=\"image.default\">\n\t\t\t\t<div class=\"elementor-widget-container\">\n\t\t\t\t\t\t\t\t\t\t\t\t\t\t\t<img decoding=\"async\" src=\"https:\/\/praxamed.ch\/wp-content\/uploads\/Manuele-Weber-persoenlich-praxamed.webp\" title=\"Manuele-Weber-pers\u00f6nlich-praxamed\" alt=\"Manuela Weber pers\u00f6nlich praxamed\" loading=\"lazy\" \/>\t\t\t\t\t\t\t\t\t\t\t\t\t\t\t<\/div>\n\t\t\t\t<\/div>\n\t\t\t\t<\/div>\n\t\t\t\t<\/div>\n\t\t<div class=\"elementor-element elementor-element-b3dc0dc e-con-full e-flex e-con e-child\" data-id=\"b3dc0dc\" data-element_type=\"container\" data-e-type=\"container\">\n\t\t\t\t<div class=\"elementor-element elementor-element-2faf25e elementor-widget elementor-widget-text-editor\" data-id=\"2faf25e\" data-element_type=\"widget\" data-e-type=\"widget\" data-widget_type=\"text-editor.default\">\n\t\t\t\t<div class=\"elementor-widget-container\">\n\t\t\t\t\t\t\t\t\t<p><strong>Qu&rsquo;est-ce qui te pla\u00eet particuli\u00e8rement dans ton travail chez PraxaMed Center AG ?<\/strong><\/p><p>J&rsquo;appr\u00e9cie surtout la diversit\u00e9 des t\u00e2ches et le contact avec les cabinets m\u00e9dicaux. J&rsquo;appr\u00e9cie \u00e9galement beaucoup le fait de pouvoir travailler de mani\u00e8re autonome et flexible. <\/p>\t\t\t\t\t\t\t\t<\/div>\n\t\t\t\t<\/div>\n\t\t\t\t<\/div>\n\t\t<div class=\"elementor-element elementor-element-e508f6e e-con-full e-flex e-con e-child\" data-id=\"e508f6e\" data-element_type=\"container\" data-e-type=\"container\">\n\t\t\t\t<div class=\"elementor-element elementor-element-150d3ec elementor-widget elementor-widget-text-editor\" data-id=\"150d3ec\" data-element_type=\"widget\" data-e-type=\"widget\" data-widget_type=\"text-editor.default\">\n\t\t\t\t<div class=\"elementor-widget-container\">\n\t\t\t\t\t\t\t\t\t<p><strong>Avec quelle devise abordes-tu les nouveaux d\u00e9fis ?<\/strong><\/p><p>Les probl\u00e8mes sont des opportunit\u00e9s d\u00e9guis\u00e9es.<\/p>\t\t\t\t\t\t\t\t<\/div>\n\t\t\t\t<\/div>\n\t\t\t\t<\/div>\n\t\t<div class=\"elementor-element elementor-element-d0265f4 e-con-full e-flex e-con e-child\" data-id=\"d0265f4\" data-element_type=\"container\" data-e-type=\"container\">\n\t\t\t\t<div class=\"elementor-element elementor-element-57938f4 elementor-widget elementor-widget-text-editor\" data-id=\"57938f4\" data-element_type=\"widget\" data-e-type=\"widget\" data-widget_type=\"text-editor.default\">\n\t\t\t\t<div class=\"elementor-widget-container\">\n\t\t\t\t\t\t\t\t\t<p><strong>Si tu avais un super pouvoir, lequel choisirais-tu ?<\/strong><\/p><p>Je mettrais simplement le temps en pause pour profiter encore plus intens\u00e9ment des moments vraiment sp\u00e9ciaux.<\/p>\t\t\t\t\t\t\t\t<\/div>\n\t\t\t\t<\/div>\n\t\t\t\t<\/div>\n\t\t<div class=\"elementor-element elementor-element-658013c e-con-full e-flex e-con e-child\" data-id=\"658013c\" data-element_type=\"container\" data-e-type=\"container\">\n\t\t\t\t<div class=\"elementor-element elementor-element-a5f2992 elementor-widget elementor-widget-text-editor\" data-id=\"a5f2992\" data-element_type=\"widget\" data-e-type=\"widget\" data-widget_type=\"text-editor.default\">\n\t\t\t\t<div class=\"elementor-widget-container\">\n\t\t\t\t\t\t\t\t\t<p><strong>Un fait amusant \u00e0 ton sujet que la plupart des gens ignorent.<\/strong><\/p><p>Je suis la plus jeune de quatre enfants et j&rsquo;ai grandi dans une ferme un peu isol\u00e9e. L\u00e0-bas, beaucoup de choses sont rest\u00e9es comme autrefois. Aujourd&rsquo;hui encore, je suis profond\u00e9ment \u00e9mue lorsque je vois et j&rsquo;entends une v\u00e9ritable \u00ab Z\u00fcglete \u00bb avec des vaches d\u00e9cor\u00e9es et des cloches \u2013 cela me r\u00e9jouit le c\u0153ur !  <\/p>\t\t\t\t\t\t\t\t<\/div>\n\t\t\t\t<\/div>\n\t\t\t\t<\/div>\n\t\t<div class=\"elementor-element elementor-element-dc31b12 e-con-full e-flex e-con e-child\" data-id=\"dc31b12\" data-element_type=\"container\" data-e-type=\"container\">\n\t\t\t\t<div class=\"elementor-element elementor-element-18575d8 elementor-widget elementor-widget-text-editor\" data-id=\"18575d8\" data-element_type=\"widget\" data-e-type=\"widget\" data-widget_type=\"text-editor.default\">\n\t\t\t\t<div class=\"elementor-widget-container\">\n\t\t\t\t\t\t\t\t\t<p><strong>Qu\u2019est-ce qui te rend vraiment reconnaissant en ce moment ?<\/strong><\/p><p>Je suis incroyablement reconnaissante pour ma famille et mes amis, en particulier pour mes deux filles, ainsi que pour ma sant\u00e9 et celle de mes proches.<\/p>\t\t\t\t\t\t\t\t<\/div>\n\t\t\t\t<\/div>\n\t\t\t\t<\/div>\n\t\t<div class=\"elementor-element elementor-element-bdd852f e-con-full e-flex e-con e-child\" data-id=\"bdd852f\" data-element_type=\"container\" data-e-type=\"container\">\n\t\t\t\t<div class=\"elementor-element elementor-element-f868586 elementor-widget elementor-widget-text-editor\" data-id=\"f868586\" data-element_type=\"widget\" data-e-type=\"widget\" data-widget_type=\"text-editor.default\">\n\t\t\t\t<div class=\"elementor-widget-container\">\n\t\t\t\t\t\t\t\t\t<p><strong>Quels sont tes hobbies ?<\/strong><\/p><p>Ce que je pr\u00e9f\u00e8re, c&rsquo;est passer du temps avec ma famille \u2013 les moments avec mes filles sont particuli\u00e8rement pr\u00e9cieux pour moi. J&rsquo;adore vivre avec elles de petites aventures quotidiennes. J&rsquo;aime aussi \u00eatre dehors, bricoler dans et autour de la maison et passer du temps avec mes proches.  <\/p>\t\t\t\t\t\t\t\t<\/div>\n\t\t\t\t<\/div>\n\t\t\t\t<\/div>\n\t\t\t\t<div class=\"elementor-element elementor-element-b198a0f elementor-widget-divider--view-line elementor-widget elementor-widget-divider\" data-id=\"b198a0f\" data-element_type=\"widget\" data-e-type=\"widget\" data-widget_type=\"divider.default\">\n\t\t\t\t<div class=\"elementor-widget-container\">\n\t\t\t\t\t\t\t<div class=\"elementor-divider\">\n\t\t\t<span class=\"elementor-divider-separator\">\n\t\t\t\t\t\t<\/span>\n\t\t<\/div>\n\t\t\t\t\t\t<\/div>\n\t\t\t\t<\/div>\n\t\t\t\t\t<\/div>\n\t\t\t\t<\/div>\n\t\t<div class=\"elementor-element elementor-element-fe0e427 e-flex e-con-boxed e-con e-parent\" data-id=\"fe0e427\" data-element_type=\"container\" data-e-type=\"container\">\n\t\t\t\t\t<div class=\"e-con-inner\">\n\t\t<div class=\"elementor-element elementor-element-52f325a e-con-full e-flex e-con e-child\" data-id=\"52f325a\" data-element_type=\"container\" data-e-type=\"container\">\n\t\t<div class=\"elementor-element elementor-element-3db7a52 e-grid e-con-full e-con e-child\" data-id=\"3db7a52\" data-element_type=\"container\" data-e-type=\"container\">\n\t\t\t\t<div class=\"elementor-element elementor-element-fd1db52 elementor-widget elementor-widget-text-editor\" data-id=\"fd1db52\" data-element_type=\"widget\" data-e-type=\"widget\" id=\"Marco R\u00f6thlisberger\" data-widget_type=\"text-editor.default\">\n\t\t\t\t<div class=\"elementor-widget-container\">\n\t\t\t\t\t\t\t\t\t<h2 id=\"abanoub-danial\" class=\"_mPS2id-t mPS2id-target mPS2id-target-first mPS2id-target-last\">Marco R\u00f6thlisberger<\/h2><p>Pr\u00e9sident-directeur g\u00e9n\u00e9ral, Partenaire, Gestion de projets<\/p>\t\t\t\t\t\t\t\t<\/div>\n\t\t\t\t<\/div>\n\t\t\t\t<div class=\"elementor-element elementor-element-6121cb4 elementor-widget elementor-widget-image\" data-id=\"6121cb4\" data-element_type=\"widget\" data-e-type=\"widget\" data-widget_type=\"image.default\">\n\t\t\t\t<div class=\"elementor-widget-container\">\n\t\t\t\t\t\t\t\t\t\t\t\t\t\t\t<img decoding=\"async\" src=\"https:\/\/praxamed.ch\/wp-content\/uploads\/Marco-Roethlisberger-persoenlich-praxamed.webp\" title=\"Marco-R\u00f6thlisberger-pers\u00f6nlich-praxamed\" alt=\"#image_title\" loading=\"lazy\" \/>\t\t\t\t\t\t\t\t\t\t\t\t\t\t\t<\/div>\n\t\t\t\t<\/div>\n\t\t\t\t<\/div>\n\t\t\t\t<\/div>\n\t\t<div class=\"elementor-element elementor-element-b6e9e85 e-con-full e-flex e-con e-child\" data-id=\"b6e9e85\" data-element_type=\"container\" data-e-type=\"container\">\n\t\t\t\t<div class=\"elementor-element elementor-element-54d1210 elementor-widget elementor-widget-text-editor\" data-id=\"54d1210\" data-element_type=\"widget\" data-e-type=\"widget\" data-widget_type=\"text-editor.default\">\n\t\t\t\t<div class=\"elementor-widget-container\">\n\t\t\t\t\t\t\t\t\t<p><strong>Qu&rsquo;est-ce qui te pla\u00eet particuli\u00e8rement dans ton travail chez PraxaMed Center AG ?<\/strong><\/p><p>Le contact avec les personnes derri\u00e8re les diff\u00e9rents projets et leurs id\u00e9es est important pour nous. En tant que chefs de projet, nous sommes comme des architectes qui con\u00e7oivent un immeuble r\u00e9sidentiel. Nous concr\u00e9tisons les sentiments, les id\u00e9es et les souhaits sous forme de pratique, d&rsquo;organisation et de coop\u00e9ration afin que les futurs \u00ab habitants \u00bb se sentent \u00e0 l&rsquo;aise.  <\/p>\t\t\t\t\t\t\t\t<\/div>\n\t\t\t\t<\/div>\n\t\t\t\t<\/div>\n\t\t<div class=\"elementor-element elementor-element-77a4bb2 e-con-full e-flex e-con e-child\" data-id=\"77a4bb2\" data-element_type=\"container\" data-e-type=\"container\">\n\t\t\t\t<div class=\"elementor-element elementor-element-447e54c elementor-widget elementor-widget-text-editor\" data-id=\"447e54c\" data-element_type=\"widget\" data-e-type=\"widget\" data-widget_type=\"text-editor.default\">\n\t\t\t\t<div class=\"elementor-widget-container\">\n\t\t\t\t\t\t\t\t\t<p><strong>Avec quelle devise abordes-tu les nouveaux d\u00e9fis ?<\/strong><\/p><p>\u00ab Ce serait vraiment fantastique si nous pouvions trouver une solution ici ! \u00bb<\/p>\t\t\t\t\t\t\t\t<\/div>\n\t\t\t\t<\/div>\n\t\t\t\t<\/div>\n\t\t<div class=\"elementor-element elementor-element-400666e e-con-full e-flex e-con e-child\" data-id=\"400666e\" data-element_type=\"container\" data-e-type=\"container\">\n\t\t\t\t<div class=\"elementor-element elementor-element-0359720 elementor-widget elementor-widget-text-editor\" data-id=\"0359720\" data-element_type=\"widget\" data-e-type=\"widget\" data-widget_type=\"text-editor.default\">\n\t\t\t\t<div class=\"elementor-widget-container\">\n\t\t\t\t\t\t\t\t\t<p><strong>Que fais-tu pour te d\u00e9tendre apr\u00e8s le travail ?<\/strong><\/p><p>Je pr\u00e9f\u00e8re \u00eatre en mouvement : faire du jogging, jouer au badminton, faire du v\u00e9lo et de la randonn\u00e9e. Mais j&rsquo;aime aussi jardiner, cuisiner ou jouer. <\/p>\t\t\t\t\t\t\t\t<\/div>\n\t\t\t\t<\/div>\n\t\t\t\t<\/div>\n\t\t<div class=\"elementor-element elementor-element-6c88185 e-con-full e-flex e-con e-child\" data-id=\"6c88185\" data-element_type=\"container\" data-e-type=\"container\">\n\t\t\t\t<div class=\"elementor-element elementor-element-fe6cd92 elementor-widget elementor-widget-text-editor\" data-id=\"fe6cd92\" data-element_type=\"widget\" data-e-type=\"widget\" data-widget_type=\"text-editor.default\">\n\t\t\t\t<div class=\"elementor-widget-container\">\n\t\t\t\t\t\t\t\t\t<p><strong>Si tu avais un super-pouvoir en tant que chef de projet, quel serait-il ?<\/strong><\/p><p>Le \u00ab scan de motivation \u00bb serait tr\u00e8s utile : quels sont les v\u00e9ritables objectifs des personnes impliqu\u00e9es dans le projet ?<\/p>\t\t\t\t\t\t\t\t<\/div>\n\t\t\t\t<\/div>\n\t\t\t\t<\/div>\n\t\t<div class=\"elementor-element elementor-element-f518b6c e-con-full e-flex e-con e-child\" data-id=\"f518b6c\" data-element_type=\"container\" data-e-type=\"container\">\n\t\t\t\t<div class=\"elementor-element elementor-element-138adc3 elementor-widget elementor-widget-text-editor\" data-id=\"138adc3\" data-element_type=\"widget\" data-e-type=\"widget\" data-widget_type=\"text-editor.default\">\n\t\t\t\t<div class=\"elementor-widget-container\">\n\t\t\t\t\t\t\t\t\t<p><strong>Qu\u2019est-ce qui te rend vraiment reconnaissant en ce moment ?<\/strong><\/p><p>Je suis extr\u00eamement reconnaissant que ma famille et moi soyons en bonne sant\u00e9 et que nous vivions dans un pays o\u00f9 la libert\u00e9 individuelle est possible.<\/p>\t\t\t\t\t\t\t\t<\/div>\n\t\t\t\t<\/div>\n\t\t\t\t<\/div>\n\t\t<div class=\"elementor-element elementor-element-d368266 e-con-full e-flex e-con e-child\" data-id=\"d368266\" data-element_type=\"container\" data-e-type=\"container\">\n\t\t\t\t<div class=\"elementor-element elementor-element-9b5950b elementor-widget elementor-widget-text-editor\" data-id=\"9b5950b\" data-element_type=\"widget\" data-e-type=\"widget\" data-widget_type=\"text-editor.default\">\n\t\t\t\t<div class=\"elementor-widget-container\">\n\t\t\t\t\t\t\t\t\t<p><strong>Quel \u00e9tait ton r\u00eave professionnel quand tu \u00e9tais enfant ?<\/strong><\/p><p> Inventeur, bricoleur, ing\u00e9nieur \u2013 en fait, exactement ce que je fais aujourd&rsquo;hui. Seulement, les syst\u00e8mes sont moins techniques et plus humains.<\/p>\t\t\t\t\t\t\t\t<\/div>\n\t\t\t\t<\/div>\n\t\t\t\t<\/div>\n\t\t\t\t<div class=\"elementor-element elementor-element-d5daf53 elementor-widget-divider--view-line elementor-widget elementor-widget-divider\" data-id=\"d5daf53\" data-element_type=\"widget\" data-e-type=\"widget\" data-widget_type=\"divider.default\">\n\t\t\t\t<div class=\"elementor-widget-container\">\n\t\t\t\t\t\t\t<div class=\"elementor-divider\">\n\t\t\t<span class=\"elementor-divider-separator\">\n\t\t\t\t\t\t<\/span>\n\t\t<\/div>\n\t\t\t\t\t\t<\/div>\n\t\t\t\t<\/div>\n\t\t\t\t\t<\/div>\n\t\t\t\t<\/div>\n\t\t<div class=\"elementor-element elementor-element-280dd31 e-flex e-con-boxed e-con e-parent\" data-id=\"280dd31\" data-element_type=\"container\" data-e-type=\"container\">\n\t\t\t\t\t<div class=\"e-con-inner\">\n\t\t<div class=\"elementor-element elementor-element-34b5406 e-con-full e-flex e-con e-child\" data-id=\"34b5406\" data-element_type=\"container\" data-e-type=\"container\">\n\t\t<div class=\"elementor-element elementor-element-406f9cb e-grid e-con-full e-con e-child\" data-id=\"406f9cb\" data-element_type=\"container\" data-e-type=\"container\">\n\t\t\t\t<div class=\"elementor-element elementor-element-7e7ea01 elementor-widget elementor-widget-text-editor\" data-id=\"7e7ea01\" data-element_type=\"widget\" data-e-type=\"widget\" id=\"Melanie Keller\" data-widget_type=\"text-editor.default\">\n\t\t\t\t<div class=\"elementor-widget-container\">\n\t\t\t\t\t\t\t\t\t<h2 id=\"abanoub-danial\" class=\"_mPS2id-t mPS2id-target mPS2id-target-first mPS2id-target-last\">Melanie Keller<\/h2><p>Graphisme, marketing et conception web<\/p>\t\t\t\t\t\t\t\t<\/div>\n\t\t\t\t<\/div>\n\t\t\t\t<div class=\"elementor-element elementor-element-094ade6 elementor-widget elementor-widget-image\" data-id=\"094ade6\" data-element_type=\"widget\" data-e-type=\"widget\" data-widget_type=\"image.default\">\n\t\t\t\t<div class=\"elementor-widget-container\">\n\t\t\t\t\t\t\t\t\t\t\t\t\t\t\t<img decoding=\"async\" src=\"https:\/\/praxamed.ch\/wp-content\/uploads\/Melanie-Keller-persoenlich-praxamed.webp\" title=\"Melanie-Keller-pers\u00f6nlich-praxamed\" alt=\"#image_title\" loading=\"lazy\" \/>\t\t\t\t\t\t\t\t\t\t\t\t\t\t\t<\/div>\n\t\t\t\t<\/div>\n\t\t\t\t<\/div>\n\t\t\t\t<\/div>\n\t\t<div class=\"elementor-element elementor-element-a495dda e-con-full e-flex e-con e-child\" data-id=\"a495dda\" data-element_type=\"container\" data-e-type=\"container\">\n\t\t\t\t<div class=\"elementor-element elementor-element-d7b808f elementor-widget elementor-widget-text-editor\" data-id=\"d7b808f\" data-element_type=\"widget\" data-e-type=\"widget\" data-widget_type=\"text-editor.default\">\n\t\t\t\t<div class=\"elementor-widget-container\">\n\t\t\t\t\t\t\t\t\t<p><strong>Qu&rsquo;est-ce qui te pla\u00eet particuli\u00e8rement dans ton travail chez PraxaMed Center AG ?<\/strong><\/p><p>Ce qui me pla\u00eet particuli\u00e8rement chez PraxaMed, c&rsquo;est la diversit\u00e9 de mes t\u00e2ches. Organisation de salons, cr\u00e9ation de nouveaux sites web ou conception de supports marketing : on ne s&rsquo;ennuie jamais. Les id\u00e9es sont \u00e9cout\u00e9es et peuvent \u00eatre mises en \u0153uvre. La collaboration avec nos chefs de projet et directement avec les clients rend le travail vari\u00e9 et vivant.   <\/p>\t\t\t\t\t\t\t\t<\/div>\n\t\t\t\t<\/div>\n\t\t\t\t<\/div>\n\t\t<div class=\"elementor-element elementor-element-4929147 e-con-full e-flex e-con e-child\" data-id=\"4929147\" data-element_type=\"container\" data-e-type=\"container\">\n\t\t\t\t<div class=\"elementor-element elementor-element-cfcb22a elementor-widget elementor-widget-text-editor\" data-id=\"cfcb22a\" data-element_type=\"widget\" data-e-type=\"widget\" data-widget_type=\"text-editor.default\">\n\t\t\t\t<div class=\"elementor-widget-container\">\n\t\t\t\t\t\t\t\t\t<p class=\"interview-question\"><strong>Quel a \u00e9t\u00e9 ton projet le plus passionnant jusqu\u2019\u00e0 pr\u00e9sent ?<\/strong><\/p><p>J&rsquo;ai trouv\u00e9 particuli\u00e8rement passionnant le travail pour le centre de sant\u00e9 Sattel. J&rsquo;ai pu y mettre en \u0153uvre plusieurs \u00e9l\u00e9ments marketing, notamment la cr\u00e9ation du site web, la signal\u00e9tique et la conception d&rsquo;annonces publicitaires. C&rsquo;\u00e9tait int\u00e9ressant de voir comment tout se mettait en place et \u00e9voluait \u00e9tape par \u00e9tape.  <\/p>\t\t\t\t\t\t\t\t<\/div>\n\t\t\t\t<\/div>\n\t\t\t\t<\/div>\n\t\t<div class=\"elementor-element elementor-element-1657bd2 e-con-full e-flex e-con e-child\" data-id=\"1657bd2\" data-element_type=\"container\" data-e-type=\"container\">\n\t\t\t\t<div class=\"elementor-element elementor-element-4f33af2 elementor-widget elementor-widget-text-editor\" data-id=\"4f33af2\" data-element_type=\"widget\" data-e-type=\"widget\" data-widget_type=\"text-editor.default\">\n\t\t\t\t<div class=\"elementor-widget-container\">\n\t\t\t\t\t\t\t\t\t<p class=\"interview-question\"><strong>Avec quelle devise abordes-tu les nouveaux d\u00e9fis ?<\/strong><\/p><p>\u00abLife begins at the end of your comfort zone.\u00bb<\/p>\t\t\t\t\t\t\t\t<\/div>\n\t\t\t\t<\/div>\n\t\t\t\t<\/div>\n\t\t<div class=\"elementor-element elementor-element-29a9b4e e-con-full e-flex e-con e-child\" data-id=\"29a9b4e\" data-element_type=\"container\" data-e-type=\"container\">\n\t\t\t\t<div class=\"elementor-element elementor-element-0ea6ead elementor-widget elementor-widget-text-editor\" data-id=\"0ea6ead\" data-element_type=\"widget\" data-e-type=\"widget\" data-widget_type=\"text-editor.default\">\n\t\t\t\t<div class=\"elementor-widget-container\">\n\t\t\t\t\t\t\t\t\t<p><strong>Si tu avais un super-pouvoir en tant que chef de projet, quel serait-il ?<\/strong><\/p><p>T\u00e9l\u00e9portation \u2013 je n&rsquo;aime pas les temps de trajet. Si je pouvais me t\u00e9l\u00e9porter, je serais rapidement au bureau, rapidement \u00e0 la maison et rapidement dans un endroit g\u00e9nial pour les vacances \ud83d\ude42 <\/p>\t\t\t\t\t\t\t\t<\/div>\n\t\t\t\t<\/div>\n\t\t\t\t<\/div>\n\t\t<div class=\"elementor-element elementor-element-e69ff58 e-con-full e-flex e-con e-child\" data-id=\"e69ff58\" data-element_type=\"container\" data-e-type=\"container\">\n\t\t\t\t<div class=\"elementor-element elementor-element-f4ff323 elementor-widget elementor-widget-text-editor\" data-id=\"f4ff323\" data-element_type=\"widget\" data-e-type=\"widget\" data-widget_type=\"text-editor.default\">\n\t\t\t\t<div class=\"elementor-widget-container\">\n\t\t\t\t\t\t\t\t\t<p class=\"interview-question\"><strong>Un fait amusant \u00e0 ton sujet que la plupart des gens ignorent.<\/strong><\/p><p>Je poss\u00e8de 4 permis de conduire, mais je n&rsquo;utilise que les 2 qui sont valables pour un v\u00e9hicule \u00e0 moins de 2 roues et \u00e0 plus de 2 roues et qui ne sont pas des a\u00e9ronefs.<\/p>\t\t\t\t\t\t\t\t<\/div>\n\t\t\t\t<\/div>\n\t\t\t\t<\/div>\n\t\t<div class=\"elementor-element elementor-element-282d647 e-con-full e-flex e-con e-child\" data-id=\"282d647\" data-element_type=\"container\" data-e-type=\"container\">\n\t\t\t\t<div class=\"elementor-element elementor-element-8adaeca elementor-widget elementor-widget-text-editor\" data-id=\"8adaeca\" data-element_type=\"widget\" data-e-type=\"widget\" data-widget_type=\"text-editor.default\">\n\t\t\t\t<div class=\"elementor-widget-container\">\n\t\t\t\t\t\t\t\t\t<p class=\"interview-question\"><strong>Qu\u2019est-ce qui te rend vraiment reconnaissant en ce moment ?<\/strong><\/p><p>Le bonheur immense d&rsquo;avoir \u00e0 mes c\u00f4t\u00e9s ma merveilleuse fille de 6 ans, sauvage et joyeuse, un emploi stable avec une \u00e9quipe formidable, ma famille et le fait que nous allons tous bien.<\/p>\t\t\t\t\t\t\t\t<\/div>\n\t\t\t\t<\/div>\n\t\t\t\t<\/div>\n\t\t\t\t<div class=\"elementor-element elementor-element-b271da2 elementor-widget-divider--view-line elementor-widget elementor-widget-divider\" data-id=\"b271da2\" data-element_type=\"widget\" data-e-type=\"widget\" data-widget_type=\"divider.default\">\n\t\t\t\t<div class=\"elementor-widget-container\">\n\t\t\t\t\t\t\t<div class=\"elementor-divider\">\n\t\t\t<span class=\"elementor-divider-separator\">\n\t\t\t\t\t\t<\/span>\n\t\t<\/div>\n\t\t\t\t\t\t<\/div>\n\t\t\t\t<\/div>\n\t\t\t\t\t<\/div>\n\t\t\t\t<\/div>\n\t\t<div class=\"elementor-element elementor-element-ff2049c e-flex e-con-boxed e-con e-parent\" data-id=\"ff2049c\" data-element_type=\"container\" data-e-type=\"container\">\n\t\t\t\t\t<div class=\"e-con-inner\">\n\t\t<div class=\"elementor-element elementor-element-802a6d0 e-con-full e-flex e-con e-child\" data-id=\"802a6d0\" data-element_type=\"container\" data-e-type=\"container\">\n\t\t<div class=\"elementor-element elementor-element-b1990a0 e-grid e-con-full e-con e-child\" data-id=\"b1990a0\" data-element_type=\"container\" data-e-type=\"container\">\n\t\t\t\t<div class=\"elementor-element elementor-element-f2027ab elementor-widget elementor-widget-text-editor\" data-id=\"f2027ab\" data-element_type=\"widget\" data-e-type=\"widget\" id=\"Monika Neuenschwander\" data-widget_type=\"text-editor.default\">\n\t\t\t\t<div class=\"elementor-widget-container\">\n\t\t\t\t\t\t\t\t\t<h2 id=\"abanoub-danial\" class=\"_mPS2id-t mPS2id-target mPS2id-target-first mPS2id-target-last\">Monika Neuenschwander<\/h2><p>Membre de la direction Direction RH, informatique, administration<\/p>\t\t\t\t\t\t\t\t<\/div>\n\t\t\t\t<\/div>\n\t\t\t\t<div class=\"elementor-element elementor-element-4ae1541 elementor-widget elementor-widget-image\" data-id=\"4ae1541\" data-element_type=\"widget\" data-e-type=\"widget\" data-widget_type=\"image.default\">\n\t\t\t\t<div class=\"elementor-widget-container\">\n\t\t\t\t\t\t\t\t\t\t\t\t\t\t\t<img decoding=\"async\" src=\"https:\/\/praxamed.ch\/wp-content\/uploads\/Monika-N-persoenlich-praxamed.webp\" title=\"Monika-N-pers\u00f6nlich-praxamed\" alt=\"#image_title\" loading=\"lazy\" \/>\t\t\t\t\t\t\t\t\t\t\t\t\t\t\t<\/div>\n\t\t\t\t<\/div>\n\t\t\t\t<\/div>\n\t\t\t\t<\/div>\n\t\t<div class=\"elementor-element elementor-element-b9af6cc e-con-full e-flex e-con e-child\" data-id=\"b9af6cc\" data-element_type=\"container\" data-e-type=\"container\">\n\t\t\t\t<div class=\"elementor-element elementor-element-2119a8b elementor-widget elementor-widget-text-editor\" data-id=\"2119a8b\" data-element_type=\"widget\" data-e-type=\"widget\" data-widget_type=\"text-editor.default\">\n\t\t\t\t<div class=\"elementor-widget-container\">\n\t\t\t\t\t\t\t\t\t<p><strong>Qu&rsquo;est-ce qui te pla\u00eet particuli\u00e8rement dans ton travail chez PraxaMed Center AG ?<\/strong><\/p><p>J&rsquo;appr\u00e9cie beaucoup la collaboration avec mes coll\u00e8gues et l&rsquo;esprit d&rsquo;entreprise qui r\u00e8gne ici. J&rsquo;aime particuli\u00e8rement le contr\u00f4le de gestion (MIS) : apporter des id\u00e9es, les mettre en \u0153uvre de mani\u00e8re structur\u00e9e et voir comment elles se traduisent en am\u00e9liorations concr\u00e8tes. <\/p>\t\t\t\t\t\t\t\t<\/div>\n\t\t\t\t<\/div>\n\t\t\t\t<\/div>\n\t\t<div class=\"elementor-element elementor-element-7ca815c e-con-full e-flex e-con e-child\" data-id=\"7ca815c\" data-element_type=\"container\" data-e-type=\"container\">\n\t\t\t\t<div class=\"elementor-element elementor-element-e1ff117 elementor-widget elementor-widget-text-editor\" data-id=\"e1ff117\" data-element_type=\"widget\" data-e-type=\"widget\" data-widget_type=\"text-editor.default\">\n\t\t\t\t<div class=\"elementor-widget-container\">\n\t\t\t\t\t\t\t\t\t<p><strong>Avec quelle devise abordes-tu les nouveaux d\u00e9fis ?<\/strong><\/p><p>Avec beaucoup d&rsquo;enthousiasme et un plan clair : d&rsquo;abord comprendre, puis hi\u00e9rarchiser et mettre en \u0153uvre de mani\u00e8re pragmatique, jusqu&rsquo;\u00e0 ce que cela fonctionne.<\/p>\t\t\t\t\t\t\t\t<\/div>\n\t\t\t\t<\/div>\n\t\t\t\t<\/div>\n\t\t<div class=\"elementor-element elementor-element-61eafff e-con-full e-flex e-con e-child\" data-id=\"61eafff\" data-element_type=\"container\" data-e-type=\"container\">\n\t\t\t\t<div class=\"elementor-element elementor-element-d3a4e2a elementor-widget elementor-widget-text-editor\" data-id=\"d3a4e2a\" data-element_type=\"widget\" data-e-type=\"widget\" data-widget_type=\"text-editor.default\">\n\t\t\t\t<div class=\"elementor-widget-container\">\n\t\t\t\t\t\t\t\t\t<p><strong>De quoi es-tu particuli\u00e8rement fier dans ton travail ?<\/strong><\/p><p>Depuis mon premier jour de travail, le 1er octobre 2022, j&rsquo;ai pu mettre en place et introduire beaucoup de choses. Une structure peu d\u00e9velopp\u00e9e s&rsquo;est transform\u00e9e en bases claires : aujourd&rsquo;hui, nous travaillons avec des documents et des mod\u00e8les uniformes qui facilitent consid\u00e9rablement notre travail quotidien. <\/p>\t\t\t\t\t\t\t\t<\/div>\n\t\t\t\t<\/div>\n\t\t\t\t<\/div>\n\t\t<div class=\"elementor-element elementor-element-f398f28 e-con-full e-flex e-con e-child\" data-id=\"f398f28\" data-element_type=\"container\" data-e-type=\"container\">\n\t\t\t\t<div class=\"elementor-element elementor-element-b300252 elementor-widget elementor-widget-text-editor\" data-id=\"b300252\" data-element_type=\"widget\" data-e-type=\"widget\" data-widget_type=\"text-editor.default\">\n\t\t\t\t<div class=\"elementor-widget-container\">\n\t\t\t\t\t\t\t\t\t<p><strong>Que fais-tu pour te d\u00e9tendre apr\u00e8s le travail ?<\/strong><\/p><p>Une balade avec ma d\u00e9capotable, ma voiture ancienne ou ma moto \u2013 l&rsquo;air frais, l&rsquo;esprit libre. (Mon \u00ab bouton de red\u00e9marrage \u00bb personnel a quatre ou deux roues). <\/p>\t\t\t\t\t\t\t\t<\/div>\n\t\t\t\t<\/div>\n\t\t\t\t<\/div>\n\t\t<div class=\"elementor-element elementor-element-aa8691d e-con-full e-flex e-con e-child\" data-id=\"aa8691d\" data-element_type=\"container\" data-e-type=\"container\">\n\t\t\t\t<div class=\"elementor-element elementor-element-e6bdeff elementor-widget elementor-widget-text-editor\" data-id=\"e6bdeff\" data-element_type=\"widget\" data-e-type=\"widget\" data-widget_type=\"text-editor.default\">\n\t\t\t\t<div class=\"elementor-widget-container\">\n\t\t\t\t\t\t\t\t\t<p><strong>Un fait amusant \u00e0 ton sujet que la plupart des gens ignorent.<\/strong><\/p><p>Pragmatique dans le contr\u00f4le de gestion, accro \u00e0 l&rsquo;adr\u00e9naline pendant mon temps libre : j&rsquo;adore la vitesse et les hauteurs, des montagnes russes aux vols en biplan, en h\u00e9licopt\u00e8re ou en deltaplane ; et quand je veux quelque chose de plus tranquille, je fais aussi de la montgolfi\u00e8re (moins de vitesse, mais plus de vue).<\/p>\t\t\t\t\t\t\t\t<\/div>\n\t\t\t\t<\/div>\n\t\t\t\t<\/div>\n\t\t<div class=\"elementor-element elementor-element-84356e3 e-con-full e-flex e-con e-child\" data-id=\"84356e3\" data-element_type=\"container\" data-e-type=\"container\">\n\t\t\t\t<div class=\"elementor-element elementor-element-9230065 elementor-widget elementor-widget-text-editor\" data-id=\"9230065\" data-element_type=\"widget\" data-e-type=\"widget\" data-widget_type=\"text-editor.default\">\n\t\t\t\t<div class=\"elementor-widget-container\">\n\t\t\t\t\t\t\t\t\t<p><strong>Si tu pouvais choisir \u00e0 nouveau un m\u00e9tier, lequel choisirais-tu ?<\/strong><\/p><p>Wahrscheinlich Informatik, Richtung Daten\/BI. Ich habe mir \u00fcber die Jahre fundierte Datenbankkenntnisse aufgebaut und liebe es, mit SQL aussagekr\u00e4ftige Controlling-Instrumente zu entwickeln \u2013 am liebsten dort, wo aus Daten Entscheidungshilfen werden. <\/p>\t\t\t\t\t\t\t\t<\/div>\n\t\t\t\t<\/div>\n\t\t\t\t<\/div>\n\t\t\t\t<div class=\"elementor-element elementor-element-e587936 elementor-widget-divider--view-line elementor-widget elementor-widget-divider\" data-id=\"e587936\" data-element_type=\"widget\" data-e-type=\"widget\" data-widget_type=\"divider.default\">\n\t\t\t\t<div class=\"elementor-widget-container\">\n\t\t\t\t\t\t\t<div class=\"elementor-divider\">\n\t\t\t<span class=\"elementor-divider-separator\">\n\t\t\t\t\t\t<\/span>\n\t\t<\/div>\n\t\t\t\t\t\t<\/div>\n\t\t\t\t<\/div>\n\t\t\t\t\t<\/div>\n\t\t\t\t<\/div>\n\t\t<div class=\"elementor-element elementor-element-92ce8b1 e-flex e-con-boxed e-con e-parent\" data-id=\"92ce8b1\" data-element_type=\"container\" data-e-type=\"container\">\n\t\t\t\t\t<div class=\"e-con-inner\">\n\t\t<div class=\"elementor-element elementor-element-cccd7c9 e-grid e-con-full e-con e-child\" data-id=\"cccd7c9\" data-element_type=\"container\" data-e-type=\"container\">\n\t\t\t\t<div class=\"elementor-element elementor-element-d02b798 elementor-widget elementor-widget-text-editor\" data-id=\"d02b798\" data-element_type=\"widget\" data-e-type=\"widget\" id=\"Sarah H\u00fcsler\" data-widget_type=\"text-editor.default\">\n\t\t\t\t<div class=\"elementor-widget-container\">\n\t\t\t\t\t\t\t\t\t<h2 id=\"abanoub-danial\" class=\"_mPS2id-t mPS2id-target mPS2id-target-first mPS2id-target-last\">Sarah H\u00fcsler<\/h2><p>Cheffe de projet du centre m\u00e9dical Papierm\u00fchle \u00e0 Ittigen et du cabinet m\u00e9dical communautaire de Selzach.<\/p>\t\t\t\t\t\t\t\t<\/div>\n\t\t\t\t<\/div>\n\t\t\t\t<div class=\"elementor-element elementor-element-eae8efe elementor-widget elementor-widget-image\" data-id=\"eae8efe\" data-element_type=\"widget\" data-e-type=\"widget\" data-widget_type=\"image.default\">\n\t\t\t\t<div class=\"elementor-widget-container\">\n\t\t\t\t\t\t\t\t\t\t\t\t\t\t\t<img decoding=\"async\" src=\"https:\/\/praxamed.ch\/wp-content\/uploads\/sarah-persoenlich-praxamed.webp\" title=\"sarah persoenlich praxamed\" alt=\"sarah persoenlich praxamed\" loading=\"lazy\" \/>\t\t\t\t\t\t\t\t\t\t\t\t\t\t\t<\/div>\n\t\t\t\t<\/div>\n\t\t\t\t<\/div>\n\t\t\t\t\t<\/div>\n\t\t\t\t<\/div>\n\t\t<div class=\"elementor-element elementor-element-7cca2de e-flex e-con-boxed e-con e-parent\" data-id=\"7cca2de\" data-element_type=\"container\" data-e-type=\"container\">\n\t\t\t\t\t<div class=\"e-con-inner\">\n\t\t<div class=\"elementor-element elementor-element-ae47472 e-con-full e-flex e-con e-child\" data-id=\"ae47472\" data-element_type=\"container\" data-e-type=\"container\">\n\t\t\t\t<div class=\"elementor-element elementor-element-7ec1e55 elementor-widget elementor-widget-text-editor\" data-id=\"7ec1e55\" data-element_type=\"widget\" data-e-type=\"widget\" data-widget_type=\"text-editor.default\">\n\t\t\t\t<div class=\"elementor-widget-container\">\n\t\t\t\t\t\t\t\t\t<p><strong>Qu&rsquo;est-ce qui te pla\u00eet particuli\u00e8rement dans ton travail de chef de projet ?<\/strong><\/p><p> J&rsquo;appr\u00e9cie la diversit\u00e9 des t\u00e2ches. Dans mon travail quotidien, je suis en contact avec des personnes tr\u00e8s diff\u00e9rentes. Relever avec elles des d\u00e9fis petits et grands et assurer ainsi les soins de base en m\u00e9decine p\u00e9diatrique et g\u00e9n\u00e9rale est pour moi une grande satisfaction. <\/p>\t\t\t\t\t\t\t\t<\/div>\n\t\t\t\t<\/div>\n\t\t\t\t<\/div>\n\t\t<div class=\"elementor-element elementor-element-d334380 e-con-full e-flex e-con e-child\" data-id=\"d334380\" data-element_type=\"container\" data-e-type=\"container\">\n\t\t\t\t<div class=\"elementor-element elementor-element-b7a4fc3 elementor-widget elementor-widget-text-editor\" data-id=\"b7a4fc3\" data-element_type=\"widget\" data-e-type=\"widget\" data-widget_type=\"text-editor.default\">\n\t\t\t\t<div class=\"elementor-widget-container\">\n\t\t\t\t\t\t\t\t\t<p><strong>De quoi es-tu particuli\u00e8rement fier dans ton travail ?<\/strong><\/p><p>Que je parvienne \u00e0 concilier mon travail sur le projet avec ma vie de famille et mon emploi \u00e0 temps partiel, tout en restant flexible et disponible pour les clients et l&rsquo;\u00e9quipe.<\/p>\t\t\t\t\t\t\t\t<\/div>\n\t\t\t\t<\/div>\n\t\t\t\t<\/div>\n\t\t<div class=\"elementor-element elementor-element-866a79c e-con-full e-flex e-con e-child\" data-id=\"866a79c\" data-element_type=\"container\" data-e-type=\"container\">\n\t\t\t\t<div class=\"elementor-element elementor-element-dd55a7d elementor-widget elementor-widget-text-editor\" data-id=\"dd55a7d\" data-element_type=\"widget\" data-e-type=\"widget\" data-widget_type=\"text-editor.default\">\n\t\t\t\t<div class=\"elementor-widget-container\">\n\t\t\t\t\t\t\t\t\t<p><strong>Si tu avais un super pouvoir en tant que chef de projet, quel serait-il ?<\/strong><\/p><p>Je choisirais la manipulation du temps pour ajouter 1 \u00e0 2 heures si n\u00e9cessaire, afin de pouvoir me d\u00e9tendre pendant toute la journ\u00e9e et avoir suffisamment de temps pour les impr\u00e9vus. Et bien s\u00fbr aussi pour pouvoir faire un tour \u00e0 v\u00e9lo apr\u00e8s le travail. <\/p>\t\t\t\t\t\t\t\t<\/div>\n\t\t\t\t<\/div>\n\t\t\t\t<\/div>\n\t\t<div class=\"elementor-element elementor-element-cfea9f2 e-con-full e-flex e-con e-child\" data-id=\"cfea9f2\" data-element_type=\"container\" data-e-type=\"container\">\n\t\t\t\t<div class=\"elementor-element elementor-element-883a133 elementor-widget elementor-widget-text-editor\" data-id=\"883a133\" data-element_type=\"widget\" data-e-type=\"widget\" data-widget_type=\"text-editor.default\">\n\t\t\t\t<div class=\"elementor-widget-container\">\n\t\t\t\t\t\t\t\t\t<p><strong>Quel \u00e9tait ton r\u00eave professionnel quand tu \u00e9tais enfant ?<\/strong><\/p><p>Enfant, je voulais ouvrir un magasin de fleurs avec mon fr\u00e8re. Maintenant, \u00ab bricoler \u00bb dans le jardin est devenu un hobby, et c&rsquo;est merveilleux. <img decoding=\"async\" class=\"emoji\" role=\"img\" draggable=\"false\" src=\"https:\/\/s.w.org\/images\/core\/emoji\/15.0.3\/svg\/1f609.svg\" alt=\"\ud83d\ude09\"><\/p>\t\t\t\t\t\t\t\t<\/div>\n\t\t\t\t<\/div>\n\t\t\t\t<\/div>\n\t\t<div class=\"elementor-element elementor-element-5ada563 e-con-full e-flex e-con e-child\" data-id=\"5ada563\" data-element_type=\"container\" data-e-type=\"container\">\n\t\t\t\t<div class=\"elementor-element elementor-element-10f0678 elementor-widget elementor-widget-text-editor\" data-id=\"10f0678\" data-element_type=\"widget\" data-e-type=\"widget\" data-widget_type=\"text-editor.default\">\n\t\t\t\t<div class=\"elementor-widget-container\">\n\t\t\t\t\t\t\t\t\t<p><strong>Qu&rsquo;est-ce qui te motive chaque jour ?<\/strong><\/p><p>Ce qui me motive, c&rsquo;est d&rsquo;atteindre mes objectifs, de r\u00e9soudre les probl\u00e8mes de mes clients et, dans la mesure du possible, d&rsquo;\u00eatre un mod\u00e8le pour mes enfants.<\/p>\t\t\t\t\t\t\t\t<\/div>\n\t\t\t\t<\/div>\n\t\t\t\t<\/div>\n\t\t<div class=\"elementor-element elementor-element-8535019 e-con-full e-flex e-con e-child\" data-id=\"8535019\" data-element_type=\"container\" data-e-type=\"container\">\n\t\t\t\t<div class=\"elementor-element elementor-element-b627644 elementor-widget elementor-widget-text-editor\" data-id=\"b627644\" data-element_type=\"widget\" data-e-type=\"widget\" data-widget_type=\"text-editor.default\">\n\t\t\t\t<div class=\"elementor-widget-container\">\n\t\t\t\t\t\t\t\t\t<p><strong>Y a-t-il quelque chose que tu souhaites accomplir depuis longtemps, sur le plan professionnel ou personnel ?<\/strong><\/p><p>Un souhait longtemps attendu est de faire un long voyage avec mon mari et mes trois enfants. Cela \u00e9tait d\u00e9j\u00e0 pr\u00e9vu en 2020, mais la pand\u00e9mie de coronavirus a contrari\u00e9 nos plans. Le moment est enfin venu cet \u00e9t\u00e9 et le r\u00eave devient r\u00e9alit\u00e9. Nous partons pendant 8 semaines \u00e0 v\u00e9lo et avec une tente \u00e0 travers le Danemark et le sud de la Su\u00e8de.    L&rsquo;impatience est grande. <img decoding=\"async\" class=\"emoji\" role=\"img\" draggable=\"false\" src=\"https:\/\/s.w.org\/images\/core\/emoji\/15.0.3\/svg\/1f609.svg\" alt=\"\ud83d\ude09\"><\/p>\t\t\t\t\t\t\t\t<\/div>\n\t\t\t\t<\/div>\n\t\t\t\t<\/div>\n\t\t\t\t<div class=\"elementor-element elementor-element-37fd120 elementor-widget-divider--view-line elementor-widget elementor-widget-divider\" data-id=\"37fd120\" data-element_type=\"widget\" data-e-type=\"widget\" data-widget_type=\"divider.default\">\n\t\t\t\t<div class=\"elementor-widget-container\">\n\t\t\t\t\t\t\t<div class=\"elementor-divider\">\n\t\t\t<span class=\"elementor-divider-separator\">\n\t\t\t\t\t\t<\/span>\n\t\t<\/div>\n\t\t\t\t\t\t<\/div>\n\t\t\t\t<\/div>\n\t\t\t\t\t<\/div>\n\t\t\t\t<\/div>\n\t\t<div class=\"elementor-element elementor-element-72a5957 e-flex e-con-boxed e-con e-parent\" data-id=\"72a5957\" data-element_type=\"container\" data-e-type=\"container\">\n\t\t\t\t\t<div class=\"e-con-inner\">\n\t\t<div class=\"elementor-element elementor-element-9d38af2 e-grid e-con-full e-con e-child\" data-id=\"9d38af2\" data-element_type=\"container\" data-e-type=\"container\">\n\t\t\t\t<div class=\"elementor-element elementor-element-61ffc11 elementor-widget elementor-widget-text-editor\" data-id=\"61ffc11\" data-element_type=\"widget\" data-e-type=\"widget\" id=\"Sarah Schwab\" data-widget_type=\"text-editor.default\">\n\t\t\t\t<div class=\"elementor-widget-container\">\n\t\t\t\t\t\t\t\t\t<h2 id=\"abanoub-danial\" class=\"_mPS2id-t mPS2id-target mPS2id-target-first mPS2id-target-last\">Sarah Schwab<\/h2><p>Collaboratrice comptabilit\u00e9 et finances divers projets<\/p>\t\t\t\t\t\t\t\t<\/div>\n\t\t\t\t<\/div>\n\t\t\t\t<div class=\"elementor-element elementor-element-48e0856 elementor-widget elementor-widget-image\" data-id=\"48e0856\" data-element_type=\"widget\" data-e-type=\"widget\" data-widget_type=\"image.default\">\n\t\t\t\t<div class=\"elementor-widget-container\">\n\t\t\t\t\t\t\t\t\t\t\t\t\t\t\t<img decoding=\"async\" src=\"https:\/\/praxamed.ch\/wp-content\/uploads\/sarahS-persoenlich-praxamed-600.webp\" title=\"sarahS-persoenlich-praxamed-600\" alt=\"sarahS persoenlich praxamed\" loading=\"lazy\" \/>\t\t\t\t\t\t\t\t\t\t\t\t\t\t\t<\/div>\n\t\t\t\t<\/div>\n\t\t\t\t<\/div>\n\t\t\t\t\t<\/div>\n\t\t\t\t<\/div>\n\t\t<div class=\"elementor-element elementor-element-3b0d173 e-flex e-con-boxed e-con e-parent\" data-id=\"3b0d173\" data-element_type=\"container\" data-e-type=\"container\">\n\t\t\t\t\t<div class=\"e-con-inner\">\n\t\t<div class=\"elementor-element elementor-element-39cf19d e-con-full e-flex e-con e-child\" data-id=\"39cf19d\" data-element_type=\"container\" data-e-type=\"container\">\n\t\t\t\t<div class=\"elementor-element elementor-element-4054aa8 elementor-widget elementor-widget-text-editor\" data-id=\"4054aa8\" data-element_type=\"widget\" data-e-type=\"widget\" data-widget_type=\"text-editor.default\">\n\t\t\t\t<div class=\"elementor-widget-container\">\n\t\t\t\t\t\t\t\t\t<p><strong>Qu&rsquo;est-ce qui te pla\u00eet particuli\u00e8rement dans ton travail chez PraxaMed Center AG ?<\/strong><\/p><p>La diversit\u00e9 des t\u00e2ches, le travail autonome et la possibilit\u00e9 d&rsquo;apprendre sans cesse de nouvelles choses.<\/p>\t\t\t\t\t\t\t\t<\/div>\n\t\t\t\t<\/div>\n\t\t\t\t<\/div>\n\t\t<div class=\"elementor-element elementor-element-4814586 e-con-full e-flex e-con e-child\" data-id=\"4814586\" data-element_type=\"container\" data-e-type=\"container\">\n\t\t\t\t<div class=\"elementor-element elementor-element-1d29ba2 elementor-widget elementor-widget-text-editor\" data-id=\"1d29ba2\" data-element_type=\"widget\" data-e-type=\"widget\" data-widget_type=\"text-editor.default\">\n\t\t\t\t<div class=\"elementor-widget-container\">\n\t\t\t\t\t\t\t\t\t<p><strong>Avec quelle devise abordes-tu les nouveaux d\u00e9fis ?<\/strong><\/p><p>\u00ab Qui ne commence pas ne gagne pas. \u00bb<\/p>\t\t\t\t\t\t\t\t<\/div>\n\t\t\t\t<\/div>\n\t\t\t\t<\/div>\n\t\t<div class=\"elementor-element elementor-element-1866909 e-con-full e-flex e-con e-child\" data-id=\"1866909\" data-element_type=\"container\" data-e-type=\"container\">\n\t\t\t\t<div class=\"elementor-element elementor-element-6305eac elementor-widget elementor-widget-text-editor\" data-id=\"6305eac\" data-element_type=\"widget\" data-e-type=\"widget\" data-widget_type=\"text-editor.default\">\n\t\t\t\t<div class=\"elementor-widget-container\">\n\t\t\t\t\t\t\t\t\t<p><strong>Un fait amusant \u00e0 ton sujet que la plupart des gens ignorent.<\/strong><\/p><p>J&rsquo;ai remport\u00e9 un titre de championne suisse et j&rsquo;ai \u00e9tudi\u00e9 dans une universit\u00e9 \u00e0 l&rsquo;\u00e9tranger \u00e0 l&rsquo;\u00e2ge de 15 ans.<br><br><\/p>\t\t\t\t\t\t\t\t<\/div>\n\t\t\t\t<\/div>\n\t\t\t\t<\/div>\n\t\t<div class=\"elementor-element elementor-element-8be81fe e-con-full e-flex e-con e-child\" data-id=\"8be81fe\" data-element_type=\"container\" data-e-type=\"container\">\n\t\t\t\t<div class=\"elementor-element elementor-element-fc84462 elementor-widget elementor-widget-text-editor\" data-id=\"fc84462\" data-element_type=\"widget\" data-e-type=\"widget\" data-widget_type=\"text-editor.default\">\n\t\t\t\t<div class=\"elementor-widget-container\">\n\t\t\t\t\t\t\t\t\t<p><strong>Quelles sont tes petites manies qui t&rsquo;agacent ou font sourire les autres<\/strong><\/p><p>Parfois, je parle trop vite, sans r\u00e9fl\u00e9chir.<\/p>\t\t\t\t\t\t\t\t<\/div>\n\t\t\t\t<\/div>\n\t\t\t\t<\/div>\n\t\t<div class=\"elementor-element elementor-element-88b4a5f e-con-full e-flex e-con e-child\" data-id=\"88b4a5f\" data-element_type=\"container\" data-e-type=\"container\">\n\t\t\t\t<div class=\"elementor-element elementor-element-0e26b6f elementor-widget elementor-widget-text-editor\" data-id=\"0e26b6f\" data-element_type=\"widget\" data-e-type=\"widget\" data-widget_type=\"text-editor.default\">\n\t\t\t\t<div class=\"elementor-widget-container\">\n\t\t\t\t\t\t\t\t\t<p><strong>Qu\u2019est-ce qui te rend vraiment reconnaissant en ce moment ?<\/strong><\/p><p>Je suis reconnaissant d&rsquo;avoir une grande famille et que tout le monde se porte bien.<\/p>\t\t\t\t\t\t\t\t<\/div>\n\t\t\t\t<\/div>\n\t\t\t\t<\/div>\n\t\t<div class=\"elementor-element elementor-element-bde0be7 e-con-full e-flex e-con e-child\" data-id=\"bde0be7\" data-element_type=\"container\" data-e-type=\"container\">\n\t\t\t\t<div class=\"elementor-element elementor-element-b7be940 elementor-widget elementor-widget-text-editor\" data-id=\"b7be940\" data-element_type=\"widget\" data-e-type=\"widget\" data-widget_type=\"text-editor.default\">\n\t\t\t\t<div class=\"elementor-widget-container\">\n\t\t\t\t\t\t\t\t\t<p><strong>Quels sont tes hobbies ?<\/strong><\/p><p>Pendant mon temps libre, j&rsquo;aide dans une boutique de v\u00eatements pour enfants et je g\u00e8re un club-house dans notre village.<\/p>\t\t\t\t\t\t\t\t<\/div>\n\t\t\t\t<\/div>\n\t\t\t\t<\/div>\n\t\t\t\t<div class=\"elementor-element elementor-element-d1f609b elementor-widget-divider--view-line elementor-widget elementor-widget-divider\" data-id=\"d1f609b\" data-element_type=\"widget\" data-e-type=\"widget\" data-widget_type=\"divider.default\">\n\t\t\t\t<div class=\"elementor-widget-container\">\n\t\t\t\t\t\t\t<div class=\"elementor-divider\">\n\t\t\t<span class=\"elementor-divider-separator\">\n\t\t\t\t\t\t<\/span>\n\t\t<\/div>\n\t\t\t\t\t\t<\/div>\n\t\t\t\t<\/div>\n\t\t\t\t\t<\/div>\n\t\t\t\t<\/div>\n\t\t<div class=\"elementor-element elementor-element-6aba6cb e-flex e-con-boxed e-con e-parent\" data-id=\"6aba6cb\" data-element_type=\"container\" data-e-type=\"container\">\n\t\t\t\t\t<div class=\"e-con-inner\">\n\t\t<div class=\"elementor-element elementor-element-8e88d4c e-con-full e-flex e-con e-child\" data-id=\"8e88d4c\" data-element_type=\"container\" data-e-type=\"container\">\n\t\t<div class=\"elementor-element elementor-element-463edf2 e-grid e-con-full e-con e-child\" data-id=\"463edf2\" data-element_type=\"container\" data-e-type=\"container\">\n\t\t\t\t<div class=\"elementor-element elementor-element-c2f720a elementor-widget elementor-widget-text-editor\" data-id=\"c2f720a\" data-element_type=\"widget\" data-e-type=\"widget\" id=\"Peter Sch\u00fcpbach\" data-widget_type=\"text-editor.default\">\n\t\t\t\t<div class=\"elementor-widget-container\">\n\t\t\t\t\t\t\t\t\t<h2 id=\"abanoub-danial\" class=\"_mPS2id-t mPS2id-target mPS2id-target-first mPS2id-target-last\">Peter Sch\u00fcpbach<\/h2><p>Chef de projet Centre m\u00e9dical Saastal AG (Saas Grund), Centre m\u00e9dical Studen AG (Studen), Centre m\u00e9dical Dreispitz (Tagelswangen), Centre m\u00e9dical Br\u00fcgglipark AG (Dulliken), Cabinet m\u00e9dical Oberhofen AG (Oberhofen)<\/p>\t\t\t\t\t\t\t\t<\/div>\n\t\t\t\t<\/div>\n\t\t\t\t<div class=\"elementor-element elementor-element-e092eec elementor-widget elementor-widget-image\" data-id=\"e092eec\" data-element_type=\"widget\" data-e-type=\"widget\" data-widget_type=\"image.default\">\n\t\t\t\t<div class=\"elementor-widget-container\">\n\t\t\t\t\t\t\t\t\t\t\t\t\t\t\t<img decoding=\"async\" src=\"https:\/\/praxamed.ch\/wp-content\/uploads\/Peter-Schuepbach-persoenlich-praxamed.webp\" title=\"Peter-Sch\u00fcpbach-pers\u00f6nlich-praxamed\" alt=\"#image_title\" loading=\"lazy\" \/>\t\t\t\t\t\t\t\t\t\t\t\t\t\t\t<\/div>\n\t\t\t\t<\/div>\n\t\t\t\t<\/div>\n\t\t\t\t<\/div>\n\t\t<div class=\"elementor-element elementor-element-18e170a e-con-full e-flex e-con e-child\" data-id=\"18e170a\" data-element_type=\"container\" data-e-type=\"container\">\n\t\t\t\t<div class=\"elementor-element elementor-element-3cb10fc elementor-widget elementor-widget-text-editor\" data-id=\"3cb10fc\" data-element_type=\"widget\" data-e-type=\"widget\" data-widget_type=\"text-editor.default\">\n\t\t\t\t<div class=\"elementor-widget-container\">\n\t\t\t\t\t\t\t\t\t<p><strong>Qu\u2019est-ce qui te pla\u00eet particuli\u00e8rement dans ton travail de gestion de projet ?<\/strong><\/p><p>Le travail de gestion de projet chez PraxaMed Center AG est tr\u00e8s vari\u00e9 et passionnant. Chaque jour apporte son lot de nouveaux d\u00e9fis que je peux relever de mani\u00e8re autonome gr\u00e2ce \u00e0 ma longue exp\u00e9rience dans le domaine de la sant\u00e9 et \u00e0 mes dipl\u00f4mes d&rsquo;\u00e9conomiste d&rsquo;entreprise HES et de MBA, au profit de nos centres m\u00e9dicaux. J&rsquo;appr\u00e9cie beaucoup de pouvoir soulager les m\u00e9decins dans le domaine administratif afin qu&rsquo;ils aient plus de temps \u00e0 consacrer \u00e0 leurs patients.  <\/p>\t\t\t\t\t\t\t\t<\/div>\n\t\t\t\t<\/div>\n\t\t\t\t<\/div>\n\t\t<div class=\"elementor-element elementor-element-1e123c7 e-con-full e-flex e-con e-child\" data-id=\"1e123c7\" data-element_type=\"container\" data-e-type=\"container\">\n\t\t\t\t<div class=\"elementor-element elementor-element-07fd8c4 elementor-widget elementor-widget-text-editor\" data-id=\"07fd8c4\" data-element_type=\"widget\" data-e-type=\"widget\" data-widget_type=\"text-editor.default\">\n\t\t\t\t<div class=\"elementor-widget-container\">\n\t\t\t\t\t\t\t\t\t<p><strong>De quoi es-tu particuli\u00e8rement fier dans ton travail ?<\/strong><\/p><p>Je suis fier de pouvoir \u00e9tablir une bonne collaboration avec des personnes tr\u00e8s diff\u00e9rentes. Que ce soit avec nos m\u00e9decins et assistants m\u00e9dicaux ainsi qu&rsquo;avec les patients dans les centres m\u00e9dicaux, mes coll\u00e8gues de l&rsquo;\u00e9quipe de chefs de projet, la direction de PraxaMed, les conseils d&rsquo;administration des centres m\u00e9dicaux et les diff\u00e9rentes parties prenantes, du pr\u00e9sident de la commune aux d\u00e9veloppeurs de projets pour les nouveaux centres m\u00e9dicaux et aux directeurs de banque pour les financements \u00e0 venir. <\/p>\t\t\t\t\t\t\t\t<\/div>\n\t\t\t\t<\/div>\n\t\t\t\t<\/div>\n\t\t<div class=\"elementor-element elementor-element-779bc0d e-con-full e-flex e-con e-child\" data-id=\"779bc0d\" data-element_type=\"container\" data-e-type=\"container\">\n\t\t\t\t<div class=\"elementor-element elementor-element-6f3a303 elementor-widget elementor-widget-text-editor\" data-id=\"6f3a303\" data-element_type=\"widget\" data-e-type=\"widget\" data-widget_type=\"text-editor.default\">\n\t\t\t\t<div class=\"elementor-widget-container\">\n\t\t\t\t\t\t\t\t\t<p><strong>Quels sont tes hobbies ?<\/strong><\/p><p>Outre le fitness, j&rsquo;ai divers loisirs. Je suis un globe-trotter passionn\u00e9 et j&rsquo;ai voyag\u00e9 dans une grande partie du monde. Les diff\u00e9rentes cultures me fascinent, j&rsquo;essaie chaque ann\u00e9e de faire un grand voyage pour d\u00e9couvrir des pays et des gens. Je suis pr\u00e9sident de la F\u00e9d\u00e9ration suisse de rugby, je joue moi-m\u00eame encore au rugby v\u00e9t\u00e9rans, je fais partie d&rsquo;un club de motards et je conduis une grosse moto. J&rsquo;appr\u00e9cie \u00e9galement souvent un bon morceau de viande accompagn\u00e9 d&rsquo;un bon verre de vin rouge.    <\/p>\t\t\t\t\t\t\t\t<\/div>\n\t\t\t\t<\/div>\n\t\t\t\t<\/div>\n\t\t<div class=\"elementor-element elementor-element-2a8fe86 e-con-full e-flex e-con e-child\" data-id=\"2a8fe86\" data-element_type=\"container\" data-e-type=\"container\">\n\t\t\t\t<div class=\"elementor-element elementor-element-f468756 elementor-widget elementor-widget-text-editor\" data-id=\"f468756\" data-element_type=\"widget\" data-e-type=\"widget\" data-widget_type=\"text-editor.default\">\n\t\t\t\t<div class=\"elementor-widget-container\">\n\t\t\t\t\t\t\t\t\t<p><strong>Qu\u2019est-ce qui te rend vraiment reconnaissant en ce moment ?<\/strong><\/p><p>En ce moment, je suis vraiment reconnaissant d&rsquo;\u00eatre en bonne sant\u00e9 et en forme.<\/p>\t\t\t\t\t\t\t\t<\/div>\n\t\t\t\t<\/div>\n\t\t\t\t<\/div>\n\t\t<div class=\"elementor-element elementor-element-1ec1758 e-con-full e-flex e-con e-child\" data-id=\"1ec1758\" data-element_type=\"container\" data-e-type=\"container\">\n\t\t\t\t<div class=\"elementor-element elementor-element-65657f1 elementor-widget elementor-widget-text-editor\" data-id=\"65657f1\" data-element_type=\"widget\" data-e-type=\"widget\" data-widget_type=\"text-editor.default\">\n\t\t\t\t<div class=\"elementor-widget-container\">\n\t\t\t\t\t\t\t\t\t<p><strong>Que fais-tu pour te d\u00e9tendre apr\u00e8s le travail ?<\/strong><\/p><p>Apr\u00e8s le travail, je vais souvent \u00e0 la salle de sport pour rester en forme et \u00ab d\u00e9compresser \u00bb apr\u00e8s une longue journ\u00e9e de travail.<\/p>\t\t\t\t\t\t\t\t<\/div>\n\t\t\t\t<\/div>\n\t\t\t\t<\/div>\n\t\t<div class=\"elementor-element elementor-element-097c32a e-con-full e-flex e-con e-child\" data-id=\"097c32a\" data-element_type=\"container\" data-e-type=\"container\">\n\t\t\t\t<div class=\"elementor-element elementor-element-90e5f1d elementor-widget elementor-widget-text-editor\" data-id=\"90e5f1d\" data-element_type=\"widget\" data-e-type=\"widget\" data-widget_type=\"text-editor.default\">\n\t\t\t\t<div class=\"elementor-widget-container\">\n\t\t\t\t\t\t\t\t\t<p><strong>Quel gadget ou appareil t&rsquo;est indispensable au travail ou dans ta vie priv\u00e9e ?<\/strong><\/p><p>Mon t\u00e9l\u00e9phone portable est mon compagnon permanent. Je l&rsquo;utilise comme r\u00e9veil, agenda, r\u00e9pertoire, lecteur de musique, album photo, r\u00e9seau social et bien s\u00fbr pour t\u00e9l\u00e9phoner. <\/p>\t\t\t\t\t\t\t\t<\/div>\n\t\t\t\t<\/div>\n\t\t\t\t<\/div>\n\t\t\t\t<div class=\"elementor-element elementor-element-01fd40f elementor-widget-divider--view-line elementor-widget elementor-widget-divider\" data-id=\"01fd40f\" data-element_type=\"widget\" data-e-type=\"widget\" data-widget_type=\"divider.default\">\n\t\t\t\t<div class=\"elementor-widget-container\">\n\t\t\t\t\t\t\t<div class=\"elementor-divider\">\n\t\t\t<span class=\"elementor-divider-separator\">\n\t\t\t\t\t\t<\/span>\n\t\t<\/div>\n\t\t\t\t\t\t<\/div>\n\t\t\t\t<\/div>\n\t\t\t\t\t<\/div>\n\t\t\t\t<\/div>\n\t\t\t\t<\/div>\n\t\t","protected":false},"excerpt":{"rendered":"<p>Bienvenue dans notre nouvelle s\u00e9rie \u00ab Personnel \u00bb Tous les collaborateurs pr\u00e9sent\u00e9s r\u00e9pondent chacun \u00e0 6 questions tir\u00e9es d\u2019un catalogue de questions. \u2022 Abanoub Danial \u2022 Dominik Balli \u2022 Erwin Aebersold \u2022 Fr\u00e9d\u00e9ric Stadler \u2022 Lea Simm \u2022 Manuela Weber \u2022 Marco R\u00f6thlisberger \u2022 Monika Neuenschwander \u2022 Melanie Keller \u2022 Sarah H\u00fcsler \u2022 Sarah Schwab [&hellip;]<\/p>\n","protected":false},"author":5,"featured_media":0,"comment_status":"closed","ping_status":"closed","sticky":false,"template":"","format":"standard","meta":{"_acf_changed":false,"footnotes":""},"categories":[28],"tags":[],"class_list":["post-3426","post","type-post","status-publish","format-standard","hentry","category-interne"],"acf":[],"aioseo_notices":[],"_links":{"self":[{"href":"https:\/\/praxamed.ch\/fr\/wp-json\/wp\/v2\/posts\/3426","targetHints":{"allow":["GET"]}}],"collection":[{"href":"https:\/\/praxamed.ch\/fr\/wp-json\/wp\/v2\/posts"}],"about":[{"href":"https:\/\/praxamed.ch\/fr\/wp-json\/wp\/v2\/types\/post"}],"author":[{"embeddable":true,"href":"https:\/\/praxamed.ch\/fr\/wp-json\/wp\/v2\/users\/5"}],"replies":[{"embeddable":true,"href":"https:\/\/praxamed.ch\/fr\/wp-json\/wp\/v2\/comments?post=3426"}],"version-history":[{"count":8,"href":"https:\/\/praxamed.ch\/fr\/wp-json\/wp\/v2\/posts\/3426\/revisions"}],"predecessor-version":[{"id":4615,"href":"https:\/\/praxamed.ch\/fr\/wp-json\/wp\/v2\/posts\/3426\/revisions\/4615"}],"wp:attachment":[{"href":"https:\/\/praxamed.ch\/fr\/wp-json\/wp\/v2\/media?parent=3426"}],"wp:term":[{"taxonomy":"category","embeddable":true,"href":"https:\/\/praxamed.ch\/fr\/wp-json\/wp\/v2\/categories?post=3426"},{"taxonomy":"post_tag","embeddable":true,"href":"https:\/\/praxamed.ch\/fr\/wp-json\/wp\/v2\/tags?post=3426"}],"curies":[{"name":"wp","href":"https:\/\/api.w.org\/{rel}","templated":true}]}}