{"id":2184,"date":"2022-10-21T07:41:28","date_gmt":"2022-10-21T05:41:28","guid":{"rendered":"https:\/\/new.praxamed.ch\/?post_type=presse&#038;p=2184"},"modified":"2025-09-04T10:57:46","modified_gmt":"2025-09-04T08:57:46","slug":"aerztezentrum-unteraegeri-ag-die-gruendung","status":"publish","type":"presse","link":"https:\/\/praxamed.ch\/fr\/?presse=aerztezentrum-unteraegeri-ag-die-gruendung","title":{"rendered":"\u00c4rztezentrum Unter\u00e4geri AG &#8211; Die Gr\u00fcndung"},"featured_media":2186,"template":"","meta":{"_acf_changed":false},"class_list":["post-2184","presse","type-presse","status-publish","has-post-thumbnail","hentry"],"acf":[],"aioseo_notices":[],"_links":{"self":[{"href":"https:\/\/praxamed.ch\/fr\/wp-json\/wp\/v2\/presse\/2184","targetHints":{"allow":["GET"]}}],"collection":[{"href":"https:\/\/praxamed.ch\/fr\/wp-json\/wp\/v2\/presse"}],"about":[{"href":"https:\/\/praxamed.ch\/fr\/wp-json\/wp\/v2\/types\/presse"}],"wp:featuredmedia":[{"embeddable":true,"href":"https:\/\/praxamed.ch\/fr\/wp-json\/wp\/v2\/media\/2186"}],"wp:attachment":[{"href":"https:\/\/praxamed.ch\/fr\/wp-json\/wp\/v2\/media?parent=2184"}],"curies":[{"name":"wp","href":"https:\/\/api.w.org\/{rel}","templated":true}]}}